{"id":74817,"date":"2026-04-07T11:41:27","date_gmt":"2026-04-07T11:41:27","guid":{"rendered":"https:\/\/events-byjs.com\/?p=74817"},"modified":"2026-04-07T11:45:09","modified_gmt":"2026-04-07T11:45:09","slug":"organisation-devenement-mipim-a-cannes","status":"publish","type":"post","link":"https:\/\/events-byjs.com\/fr\/organisation-devenement-mipim-a-cannes\/","title":{"rendered":"Organisation d\u2019\u00e9v\u00e8nement MIPIM \u00e0 Cannes"},"content":{"rendered":"<p>[et_pb_section fb_built=\u00a0\u00bb1&Prime; _builder_version=\u00a0\u00bb4.27.5&Prime; _module_preset=\u00a0\u00bbdefault\u00a0\u00bb custom_margin=\u00a0\u00bb||30px||false|false\u00a0\u00bb custom_padding=\u00a0\u00bb||0px||false|false\u00a0\u00bb global_colors_info=\u00a0\u00bb{}\u00a0\u00bb theme_builder_area=\u00a0\u00bbpost_content\u00a0\u00bb][et_pb_row column_structure=\u00a0\u00bb1_2,1_2&Prime; make_equal=\u00a0\u00bbon\u00a0\u00bb _builder_version=\u00a0\u00bb4.27.6&Prime; _module_preset=\u00a0\u00bbdefault\u00a0\u00bb width=\u00a0\u00bb90%\u00a0\u00bb width_tablet=\u00a0\u00bb\u00a0\u00bb width_phone=\u00a0\u00bb90%\u00a0\u00bb width_last_edited=\u00a0\u00bbon|phone\u00a0\u00bb max_width=\u00a0\u00bb100%\u00a0\u00bb max_width_tablet=\u00a0\u00bb\u00a0\u00bb max_width_phone=\u00a0\u00bb100%\u00a0\u00bb max_width_last_edited=\u00a0\u00bbon|phone\u00a0\u00bb custom_padding=\u00a0\u00bb||||false|false\u00a0\u00bb hover_enabled=\u00a0\u00bb0&Prime; global_colors_info=\u00a0\u00bb{}\u00a0\u00bb theme_builder_area=\u00a0\u00bbpost_content\u00a0\u00bb sticky_enabled=\u00a0\u00bb0&Prime;][et_pb_column type=\u00a0\u00bb1_2&Prime; _builder_version=\u00a0\u00bb4.27.6&Prime; _module_preset=\u00a0\u00bbdefault\u00a0\u00bb custom_padding=\u00a0\u00bb||||false|false\u00a0\u00bb hover_enabled=\u00a0\u00bb0&Prime; global_colors_info=\u00a0\u00bb{}\u00a0\u00bb theme_builder_area=\u00a0\u00bbpost_content\u00a0\u00bb background_enable_image=\u00a0\u00bboff\u00a0\u00bb alt=\u00a0\u00bbMIPIM \u00e0 Cannes, H. THOUROUDE-IMAGE&#038;CO\u00a0\u00bb title_text=\u00a0\u00bbMIPIM-2026-organisation-\u00e9v\u00e8nement-\u00e0-Cannes\u00a0\u00bb sticky_enabled=\u00a0\u00bb0&Prime;][et_pb_image _builder_version=\u00a0\u00bb4.27.6&Prime; _module_preset=\u00a0\u00bbdefault\u00a0\u00bb theme_builder_area=\u00a0\u00bbpost_content\u00a0\u00bb alt=\u00a0\u00bbMIPIM \u00e0 Cannes, H. THOUROUDE-IMAGE&#038;CO\u00a0\u00bb title_text=\u00a0\u00bbMIPIM-2026-organisation-\u00e9v\u00e8nement-\u00e0-Cannes\u00a0\u00bb src=\u00a0\u00bbhttps:\/\/events-byjs.com\/wp-content\/uploads\/2026\/04\/MIPIM-2026-organisation-evenement-a-Cannes.jpg\u00a0\u00bb hover_enabled=\u00a0\u00bb0&Prime; sticky_enabled=\u00a0\u00bb0&Prime; custom_margin=\u00a0\u00bb||2px||false|false\u00a0\u00bb][\/et_pb_image][et_pb_text _builder_version=\u00a0\u00bb4.27.6&Prime; _module_preset=\u00a0\u00bbdefault\u00a0\u00bb theme_builder_area=\u00a0\u00bbpost_content\u00a0\u00bb text_text_color=\u00a0\u00bb#aaaaaa\u00a0\u00bb hover_enabled=\u00a0\u00bb0&Prime; sticky_enabled=\u00a0\u00bb0&Prime; custom_margin=\u00a0\u00bb||5px||false|false\u00a0\u00bb]<\/p>\n<p>Photo : MIPIM, 2026 Cannes &#8211; \u00a9-H. THOUROUDE-IMAGE&amp;CO<\/p>\n<p>[\/et_pb_text][\/et_pb_column][et_pb_column type=\u00a0\u00bb1_2&Prime; _builder_version=\u00a0\u00bb4.27.5&Prime; _module_preset=\u00a0\u00bbdefault\u00a0\u00bb global_colors_info=\u00a0\u00bb{}\u00a0\u00bb theme_builder_area=\u00a0\u00bbpost_content\u00a0\u00bb][et_pb_text _builder_version=\u00a0\u00bb4.27.6&Prime; _module_preset=\u00a0\u00bbdefault\u00a0\u00bb header_2_font=\u00a0\u00bb|||on|||||\u00a0\u00bb custom_margin=\u00a0\u00bb||40px||false|false\u00a0\u00bb hover_enabled=\u00a0\u00bb0&Prime; global_colors_info=\u00a0\u00bb{}\u00a0\u00bb theme_builder_area=\u00a0\u00bbpost_content\u00a0\u00bb sticky_enabled=\u00a0\u00bb0&Prime;]<\/p>\n<p><span style=\"font-weight: 400;\">Chaque ann\u00e9e,<a href=\"https:\/\/www.mipim.com\/fr-fr.html\" target=\"_blank\" rel=\"noopener\"> le MIPIM<\/a> est le rendez-vous qui r\u00e9unit des professionnels de l\u2019investissement, de l\u2019urbanisme et de l\u2019immobilier de prestige \u00e0 Cannes. Nous accompagnons ces nombreux acteurs dans l\u2019organisation et la production de leurs \u00e9v\u00e9nements.\u00a0<\/span><\/p>\n<p><span style=\"font-weight: 400;\">Dans un cadre o\u00f9 la visibilit\u00e9, la logistique et la qualit\u00e9 d\u2019ex\u00e9cution occupent une place centrale, nous mettons notre expertise au service de nos clients en offrant une organisation sur mesure, une coordination d\u00e9taill\u00e9e et une bonne connaissance du terrain.<\/span><\/p>\n<p>[\/et_pb_text][et_pb_text _builder_version=\u00a0\u00bb4.27.6&Prime; _module_preset=\u00a0\u00bbdefault\u00a0\u00bb header_2_font=\u00a0\u00bb|||on|||||\u00a0\u00bb custom_margin=\u00a0\u00bb||15px||false|false\u00a0\u00bb hover_enabled=\u00a0\u00bb0&Prime; header_2_font_size_tablet=\u00a0\u00bb24px\u00a0\u00bb header_2_font_size_phone=\u00a0\u00bb20px\u00a0\u00bb header_2_font_size_last_edited=\u00a0\u00bbon|phone\u00a0\u00bb global_colors_info=\u00a0\u00bb{}\u00a0\u00bb theme_builder_area=\u00a0\u00bbpost_content\u00a0\u00bb sticky_enabled=\u00a0\u00bb0&Prime;]<\/p>\n<div id=\"ez-toc-container\" class=\"ez-toc-v2_0_82_2 counter-hierarchy ez-toc-counter ez-toc-grey ez-toc-container-direction\">\n<div class=\"ez-toc-title-container\">\n<p class=\"ez-toc-title\" style=\"cursor:inherit\">Table of Contents<\/p>\n<span class=\"ez-toc-title-toggle\"><a href=\"#\" class=\"ez-toc-pull-right ez-toc-btn ez-toc-btn-xs ez-toc-btn-default ez-toc-toggle\" aria-label=\"Toggle Table of Content\"><span class=\"ez-toc-js-icon-con\"><span class=\"\"><span class=\"eztoc-hide\" style=\"display:none;\">Toggle<\/span><span class=\"ez-toc-icon-toggle-span\"><svg style=\"fill: #999;color:#999\" xmlns=\"http:\/\/www.w3.org\/2000\/svg\" class=\"list-377408\" width=\"20px\" height=\"20px\" viewBox=\"0 0 24 24\" fill=\"none\"><path d=\"M6 6H4v2h2V6zm14 0H8v2h12V6zM4 11h2v2H4v-2zm16 0H8v2h12v-2zM4 16h2v2H4v-2zm16 0H8v2h12v-2z\" fill=\"currentColor\"><\/path><\/svg><svg style=\"fill: #999;color:#999\" class=\"arrow-unsorted-368013\" xmlns=\"http:\/\/www.w3.org\/2000\/svg\" width=\"10px\" height=\"10px\" viewBox=\"0 0 24 24\" version=\"1.2\" baseProfile=\"tiny\"><path d=\"M18.2 9.3l-6.2-6.3-6.2 6.3c-.2.2-.3.4-.3.7s.1.5.3.7c.2.2.4.3.7.3h11c.3 0 .5-.1.7-.3.2-.2.3-.5.3-.7s-.1-.5-.3-.7zM5.8 14.7l6.2 6.3 6.2-6.3c.2-.2.3-.5.3-.7s-.1-.5-.3-.7c-.2-.2-.4-.3-.7-.3h-11c-.3 0-.5.1-.7.3-.2.2-.3.5-.3.7s.1.5.3.7z\"\/><\/svg><\/span><\/span><\/span><\/a><\/span><\/div>\n<nav><ul class='ez-toc-list ez-toc-list-level-1 ' ><li class='ez-toc-page-1 ez-toc-heading-level-2'><a class=\"ez-toc-link ez-toc-heading-1\" href=\"https:\/\/events-byjs.com\/fr\/organisation-devenement-mipim-a-cannes\/#Le_MIPIM_a_Cannes_un_contexte_exigeant\" >Le MIPIM \u00e0 Cannes, un contexte exigeant<\/a><\/li><li class='ez-toc-page-1 ez-toc-heading-level-2'><a class=\"ez-toc-link ez-toc-heading-2\" href=\"https:\/\/events-byjs.com\/fr\/organisation-devenement-mipim-a-cannes\/#Events_by_JS_partenaire_pour_votre_evenement_au_MIPIM\" >Events by JS, partenaire pour votre \u00e9v\u00e8nement au MIPIM<\/a><\/li><li class='ez-toc-page-1 ez-toc-heading-level-2'><a class=\"ez-toc-link ez-toc-heading-3\" href=\"https:\/\/events-byjs.com\/fr\/organisation-devenement-mipim-a-cannes\/#Une_organisation_et_un_accompagnement_structure\" >Une organisation et un accompagnement structur\u00e9<\/a><\/li><\/ul><\/nav><\/div>\n<h2 data-start=\"910\" data-end=\"973\"><span class=\"ez-toc-section\" id=\"Le_MIPIM_a_Cannes_un_contexte_exigeant\"><\/span><b>Le MIPIM \u00e0 Cannes, un contexte exigeant<\/b><span class=\"ez-toc-section-end\"><\/span><\/h2>\n<p>[\/et_pb_text][et_pb_text _builder_version=\u00a0\u00bb4.27.6&Prime; _module_preset=\u00a0\u00bbdefault\u00a0\u00bb header_2_font=\u00a0\u00bb|||on|||||\u00a0\u00bb custom_margin=\u00a0\u00bb||||false|false\u00a0\u00bb hover_enabled=\u00a0\u00bb0&Prime; global_colors_info=\u00a0\u00bb{}\u00a0\u00bb theme_builder_area=\u00a0\u00bbpost_content\u00a0\u00bb sticky_enabled=\u00a0\u00bb0&Prime;]<\/p>\n<p><span style=\"font-weight: 400;\">Organiser un \u00e9v\u00e8nement pendant<strong> le MIPIM \u00e0 Cannes<\/strong> suppose d\u2019anticiper de nombreux param\u00e8tres : disponibilit\u00e9 des lieux, circulation, transferts, coordination des prestataires, contraintes horaires et niveau d\u2019attente des invit\u00e9s. Dans ce contexte, chaque d\u00e9tail compte, aussi bien dans la pr\u00e9paration que dans la mise en \u0153uvre sur place.<\/span><\/p>\n<p><span style=\"font-weight: 400;\"><strong>Le MIPIM<\/strong> re\u00e7oit chaque ann\u00e9e environ 20 000 participants issus de 90 pays pendant une semaine en mars. Les principaux objectifs de l\u2019organisation d\u2019un \u00e9v\u00e9nement pour les entreprises et les groupes internationaux sont de rencontrer leurs clients et prospects, de d\u00e9velopper leur r\u00e9seau, surtout de renforcer leur visibilit\u00e9 et marquer les esprits.<\/span><\/p>\n<p><span style=\"font-weight: 400;\">Nous concevons des formats adapt\u00e9s \u00e0 cette p\u00e9riode strat\u00e9gique : cocktails, d\u00eeners, soir\u00e9es priv\u00e9es, rencontres clients, conf\u00e9rences, prises de parole, lancements ou r\u00e9ceptions professionnelles.<\/span><\/p>\n<p>[\/et_pb_text][\/et_pb_column][\/et_pb_row][et_pb_row _builder_version=\u00a0\u00bb4.27.5&Prime; _module_preset=\u00a0\u00bbdefault\u00a0\u00bb width=\u00a0\u00bb90%\u00a0\u00bb max_width=\u00a0\u00bb100%\u00a0\u00bb custom_padding=\u00a0\u00bb||0px||false|false\u00a0\u00bb global_colors_info=\u00a0\u00bb{}\u00a0\u00bb theme_builder_area=\u00a0\u00bbpost_content\u00a0\u00bb][et_pb_column type=\u00a0\u00bb4_4&Prime; _builder_version=\u00a0\u00bb4.27.5&Prime; _module_preset=\u00a0\u00bbdefault\u00a0\u00bb global_colors_info=\u00a0\u00bb{}\u00a0\u00bb theme_builder_area=\u00a0\u00bbpost_content\u00a0\u00bb][et_pb_image src=\u00a0\u00bbhttps:\/\/events-byjs.com\/wp-content\/uploads\/2026\/04\/MIPIM-2026-Cannes-\u00a9-F.-BUKAJLO-IMAGECO.jpg\u00a0\u00bb alt=\u00a0\u00bbMIPIM-2026-Cannes-\u00a9-F.-BUKAJLO-IMAGE&#038;CO\u00a0\u00bb title_text=\u00a0\u00bbMIPIM-2026-Cannes-\u00a9-F.-BUKAJLO-IMAGE&#038;CO\u00a0\u00bb _builder_version=\u00a0\u00bb4.27.6&Prime; _module_preset=\u00a0\u00bbdefault\u00a0\u00bb custom_margin=\u00a0\u00bb||2px||false|false\u00a0\u00bb hover_enabled=\u00a0\u00bb0&Prime; global_colors_info=\u00a0\u00bb{}\u00a0\u00bb theme_builder_area=\u00a0\u00bbpost_content\u00a0\u00bb sticky_enabled=\u00a0\u00bb0&Prime;][\/et_pb_image][et_pb_text _builder_version=\u00a0\u00bb4.27.6&Prime; _module_preset=\u00a0\u00bbdefault\u00a0\u00bb theme_builder_area=\u00a0\u00bbpost_content\u00a0\u00bb text_text_color=\u00a0\u00bb#aaaaaa\u00a0\u00bb hover_enabled=\u00a0\u00bb0&Prime; sticky_enabled=\u00a0\u00bb0&Prime; custom_margin=\u00a0\u00bb||20px||false|false\u00a0\u00bb]<\/p>\n<p>Photo : MIPIM, 2026 Cannes &#8211; \u00a9-F.-BUKAJLO-IMAGE&amp;CO<\/p>\n<p>[\/et_pb_text][et_pb_divider color=\u00a0\u00bb#000000&Prime; _builder_version=\u00a0\u00bb4.27.5&Prime; _module_preset=\u00a0\u00bbdefault\u00a0\u00bb global_colors_info=\u00a0\u00bb{}\u00a0\u00bb theme_builder_area=\u00a0\u00bbpost_content\u00a0\u00bb][\/et_pb_divider][\/et_pb_column][\/et_pb_row][et_pb_row column_structure=\u00a0\u00bb1_2,1_2&Prime; make_equal=\u00a0\u00bbon\u00a0\u00bb _builder_version=\u00a0\u00bb4.27.6&Prime; _module_preset=\u00a0\u00bbdefault\u00a0\u00bb width=\u00a0\u00bb90%\u00a0\u00bb max_width=\u00a0\u00bb100%\u00a0\u00bb custom_padding=\u00a0\u00bb||||false|false\u00a0\u00bb hover_enabled=\u00a0\u00bb0&Prime; border_width_bottom=\u00a0\u00bb1px\u00a0\u00bb global_colors_info=\u00a0\u00bb{}\u00a0\u00bb theme_builder_area=\u00a0\u00bbpost_content\u00a0\u00bb sticky_enabled=\u00a0\u00bb0&Prime;][et_pb_column type=\u00a0\u00bb1_2&Prime; _builder_version=\u00a0\u00bb4.27.6&Prime; _module_preset=\u00a0\u00bbdefault\u00a0\u00bb hover_enabled=\u00a0\u00bb0&Prime; global_colors_info=\u00a0\u00bb{}\u00a0\u00bb theme_builder_area=\u00a0\u00bbpost_content\u00a0\u00bb sticky_enabled=\u00a0\u00bb0&Prime;][et_pb_text _builder_version=\u00a0\u00bb4.27.6&Prime; _module_preset=\u00a0\u00bbdefault\u00a0\u00bb header_2_font=\u00a0\u00bb|||on|||||\u00a0\u00bb custom_margin=\u00a0\u00bb||15px||false|false\u00a0\u00bb hover_enabled=\u00a0\u00bb0&Prime; global_colors_info=\u00a0\u00bb{}\u00a0\u00bb theme_builder_area=\u00a0\u00bbpost_content\u00a0\u00bb sticky_enabled=\u00a0\u00bb0&Prime;]<\/p>\n<h2 data-start=\"1519\" data-end=\"1576\"><span class=\"ez-toc-section\" id=\"Events_by_JS_partenaire_pour_votre_evenement_au_MIPIM\"><\/span>Events by JS, partenaire pour votre \u00e9v\u00e8nement au MIPIM<span class=\"ez-toc-section-end\"><\/span><\/h2>\n<p>[\/et_pb_text][et_pb_text _builder_version=\u00a0\u00bb4.27.6&Prime; _module_preset=\u00a0\u00bbdefault\u00a0\u00bb header_2_font=\u00a0\u00bb|||on|||||\u00a0\u00bb custom_margin=\u00a0\u00bb||40px||false|false\u00a0\u00bb hover_enabled=\u00a0\u00bb0&Prime; global_colors_info=\u00a0\u00bb{}\u00a0\u00bb theme_builder_area=\u00a0\u00bbpost_content\u00a0\u00bb sticky_enabled=\u00a0\u00bb0&Prime;]<\/p>\n<p><span style=\"font-weight: 400;\">En tant qu\u2019agence implant\u00e9e dans le centre de Cannes, nous accompagnons nos clients dans l\u2019organisation d\u2019\u00e9v\u00e8nements lors du <strong>MIPIM<\/strong> avec une approche \u00e0 la fois op\u00e9rationnelle et sur mesure. Nous intervenons sur des <a href=\"https:\/\/events-byjs.com\/corporate-event-in-cannes\/\"><strong>\u00e9v\u00e9nements professionnels<\/strong><\/a> n\u00e9cessitant m\u00e9thode, <strong>discr\u00e9tion et coordination<\/strong> sur site.<\/span><\/p>\n<p><span style=\"font-weight: 400;\">Notre r\u00f4le consiste \u00e0 <strong>encadrer la production<\/strong> dans sa globalit\u00e9, en tenant compte des enjeux d\u2019image, des contraintes du calendrier et des sp\u00e9cificit\u00e9s propres \u00e0 Cannes pendant cette p\u00e9riode.<\/span><\/p>\n<p>[\/et_pb_text][et_pb_text _builder_version=\u00a0\u00bb4.27.6&Prime; _module_preset=\u00a0\u00bbdefault\u00a0\u00bb header_2_font=\u00a0\u00bb|||on|||||\u00a0\u00bb custom_margin=\u00a0\u00bb40px||15px||false|false\u00a0\u00bb hover_enabled=\u00a0\u00bb0&Prime; header_2_font_size_tablet=\u00a0\u00bb24px\u00a0\u00bb header_2_font_size_phone=\u00a0\u00bb20px\u00a0\u00bb header_2_font_size_last_edited=\u00a0\u00bbon|phone\u00a0\u00bb global_colors_info=\u00a0\u00bb{}\u00a0\u00bb theme_builder_area=\u00a0\u00bbpost_content\u00a0\u00bb sticky_enabled=\u00a0\u00bb0&Prime;]<\/p>\n<h2 data-start=\"2154\" data-end=\"2216\"><span class=\"ez-toc-section\" id=\"Une_organisation_et_un_accompagnement_structure\"><\/span><b>Une organisation et un accompagnement structur\u00e9<\/b><span class=\"ez-toc-section-end\"><\/span><\/h2>\n<p>[\/et_pb_text][et_pb_text _builder_version=\u00a0\u00bb4.27.6&Prime; _module_preset=\u00a0\u00bbdefault\u00a0\u00bb header_2_font=\u00a0\u00bb|||on|||||\u00a0\u00bb custom_margin=\u00a0\u00bb||||false|false\u00a0\u00bb hover_enabled=\u00a0\u00bb0&Prime; global_colors_info=\u00a0\u00bb{}\u00a0\u00bb theme_builder_area=\u00a0\u00bbpost_content\u00a0\u00bb sticky_enabled=\u00a0\u00bb0&Prime;]<\/p>\n<p><span style=\"font-weight: 400;\">Notre travail commence par l\u2019analyse du format, des objectifs et des contraintes du projet. Nous d\u00e9finissons ensuite un dispositif coh\u00e9rent, pens\u00e9 pour le rythme du <strong>MIPIM<\/strong> et pour le profil des participants.<\/span><\/p>\n<p><span style=\"font-weight: 400;\">Nous prenons en charge l\u2019ensemble de la production : recherche de lieu, gestion des prestataires, suivi logistique, coordination technique, mise en place, accueil et supervision sur site. Cette organisation nous permet de garantir une ex\u00e9cution fluide et une pr\u00e9sence op\u00e9rationnelle \u00e0 chaque \u00e9tape.<\/span><\/p>\n<p>[\/et_pb_text][\/et_pb_column][et_pb_column type=\u00a0\u00bb1_2&Prime; _builder_version=\u00a0\u00bb4.27.6&Prime; _module_preset=\u00a0\u00bbdefault\u00a0\u00bb custom_padding=\u00a0\u00bb||||false|false\u00a0\u00bb hover_enabled=\u00a0\u00bb0&Prime; global_colors_info=\u00a0\u00bb{}\u00a0\u00bb theme_builder_area=\u00a0\u00bbpost_content\u00a0\u00bb alt=\u00a0\u00bbMIPIM \u00e0 Cannes photo prise par J GORIN IMAGE&#038;CO\u00a0\u00bb title_text=\u00a0\u00bbMIPIM-2026-\u00a9-J.-GORIN-IMAGE&#038;CO\u00a0\u00bb sticky_enabled=\u00a0\u00bb0&Prime; background_enable_image=\u00a0\u00bboff\u00a0\u00bb][et_pb_image _builder_version=\u00a0\u00bb4.27.6&Prime; _module_preset=\u00a0\u00bbdefault\u00a0\u00bb theme_builder_area=\u00a0\u00bbpost_content\u00a0\u00bb alt=\u00a0\u00bbMIPIM \u00e0 Cannes photo prise par J GORIN IMAGE&#038;CO\u00a0\u00bb title_text=\u00a0\u00bbMIPIM-2026-\u00a9-J.-GORIN-IMAGE&#038;CO\u00a0\u00bb src=\u00a0\u00bbhttps:\/\/events-byjs.com\/wp-content\/uploads\/2026\/04\/MIPIM-2026-\u00a9-J.-GORIN-IMAGECO.jpg\u00a0\u00bb hover_enabled=\u00a0\u00bb0&Prime; sticky_enabled=\u00a0\u00bb0&Prime; custom_margin=\u00a0\u00bb||2px||false|false\u00a0\u00bb][\/et_pb_image][et_pb_text _builder_version=\u00a0\u00bb4.27.6&Prime; _module_preset=\u00a0\u00bbdefault\u00a0\u00bb theme_builder_area=\u00a0\u00bbpost_content\u00a0\u00bb text_text_color=\u00a0\u00bb#aaaaaa\u00a0\u00bb hover_enabled=\u00a0\u00bb0&Prime; sticky_enabled=\u00a0\u00bb0&Prime; custom_margin=\u00a0\u00bb||5px||false|false\u00a0\u00bb]<\/p>\n<p>Photo : MIPIM, 2026 Cannes &#8211; \u00a9-J.-GORIN-IMAGE&amp;CO<\/p>\n<p>[\/et_pb_text][\/et_pb_column][\/et_pb_row][\/et_pb_section]<\/p>\n","protected":false},"excerpt":{"rendered":"<p>Photo : MIPIM, 2026 Cannes &#8211; \u00a9-H. THOUROUDE-IMAGE&amp;COChaque ann\u00e9e, le MIPIM est le rendez-vous qui r\u00e9unit des professionnels de l\u2019investissement, de l\u2019urbanisme et de l\u2019immobilier de prestige \u00e0 Cannes. Nous accompagnons ces nombreux acteurs dans l\u2019organisation et la production de leurs \u00e9v\u00e9nements.\u00a0 Dans un cadre o\u00f9 la visibilit\u00e9, la logistique et la qualit\u00e9 d\u2019ex\u00e9cution occupent une place centrale, nous mettons notre expertise au service de nos clients en offrant une organisation sur mesure, une coordination d\u00e9taill\u00e9e et une bonne connaissance du terrain.Le MIPIM \u00e0 Cannes, un contexte exigeantOrganiser un \u00e9v\u00e8nement pendant le MIPIM \u00e0 Cannes suppose d\u2019anticiper de nombreux param\u00e8tres : disponibilit\u00e9 des lieux, circulation, transferts, coordination des prestataires, contraintes horaires et niveau d\u2019attente des invit\u00e9s. Dans ce contexte, chaque d\u00e9tail compte, aussi bien dans la pr\u00e9paration que dans la mise en \u0153uvre sur place. Le MIPIM re\u00e7oit chaque ann\u00e9e environ 20 000 participants issus de 90 pays pendant une semaine en mars. Les principaux objectifs de l\u2019organisation d\u2019un \u00e9v\u00e9nement pour les entreprises et les groupes internationaux sont de rencontrer leurs clients et prospects, de d\u00e9velopper leur r\u00e9seau, surtout de renforcer leur visibilit\u00e9 et marquer les esprits. Nous concevons des formats adapt\u00e9s \u00e0 cette p\u00e9riode strat\u00e9gique : cocktails, d\u00eeners, soir\u00e9es [&hellip;]<\/p>\n","protected":false},"author":1,"featured_media":74835,"comment_status":"closed","ping_status":"closed","sticky":false,"template":"","format":"standard","meta":{"_et_pb_use_builder":"on","_et_pb_old_content":"","_et_gb_content_width":"","_monsterinsights_skip_tracking":false,"_monsterinsights_sitenote_active":false,"_monsterinsights_sitenote_note":"","_monsterinsights_sitenote_category":0,"footnotes":""},"categories":[14],"tags":[],"class_list":["post-74817","post","type-post","status-publish","format-standard","has-post-thumbnail","hentry","category-actualites"],"_links":{"self":[{"href":"https:\/\/events-byjs.com\/fr\/wp-json\/wp\/v2\/posts\/74817","targetHints":{"allow":["GET"]}}],"collection":[{"href":"https:\/\/events-byjs.com\/fr\/wp-json\/wp\/v2\/posts"}],"about":[{"href":"https:\/\/events-byjs.com\/fr\/wp-json\/wp\/v2\/types\/post"}],"author":[{"embeddable":true,"href":"https:\/\/events-byjs.com\/fr\/wp-json\/wp\/v2\/users\/1"}],"replies":[{"embeddable":true,"href":"https:\/\/events-byjs.com\/fr\/wp-json\/wp\/v2\/comments?post=74817"}],"version-history":[{"count":12,"href":"https:\/\/events-byjs.com\/fr\/wp-json\/wp\/v2\/posts\/74817\/revisions"}],"predecessor-version":[{"id":74840,"href":"https:\/\/events-byjs.com\/fr\/wp-json\/wp\/v2\/posts\/74817\/revisions\/74840"}],"wp:featuredmedia":[{"embeddable":true,"href":"https:\/\/events-byjs.com\/fr\/wp-json\/wp\/v2\/media\/74835"}],"wp:attachment":[{"href":"https:\/\/events-byjs.com\/fr\/wp-json\/wp\/v2\/media?parent=74817"}],"wp:term":[{"taxonomy":"category","embeddable":true,"href":"https:\/\/events-byjs.com\/fr\/wp-json\/wp\/v2\/categories?post=74817"},{"taxonomy":"post_tag","embeddable":true,"href":"https:\/\/events-byjs.com\/fr\/wp-json\/wp\/v2\/tags?post=74817"}],"curies":[{"name":"wp","href":"https:\/\/api.w.org\/{rel}","templated":true}]}}