{"id":72168,"date":"2025-12-15T13:32:57","date_gmt":"2025-12-15T13:32:57","guid":{"rendered":"https:\/\/events-byjs.fr\/?p=72168"},"modified":"2026-02-19T13:22:30","modified_gmt":"2026-02-19T13:22:30","slug":"agence-de-production-evenementielle-a-monaco","status":"publish","type":"post","link":"https:\/\/events-byjs.com\/fr\/agence-de-production-evenementielle-a-monaco\/","title":{"rendered":"Production \u00e9v\u00e8nementielle \u00e0 Monaco"},"content":{"rendered":"<p>[et_pb_section fb_built=\u00a0\u00bb1&Prime; _builder_version=\u00a0\u00bb4.27.5&Prime; _module_preset=\u00a0\u00bbdefault\u00a0\u00bb custom_margin=\u00a0\u00bb||30px||false|false\u00a0\u00bb custom_padding=\u00a0\u00bb||0px||false|false\u00a0\u00bb global_colors_info=\u00a0\u00bb{}\u00a0\u00bb theme_builder_area=\u00a0\u00bbpost_content\u00a0\u00bb][et_pb_row column_structure=\u00a0\u00bb1_2,1_2&Prime; make_equal=\u00a0\u00bbon\u00a0\u00bb _builder_version=\u00a0\u00bb4.27.5&Prime; _module_preset=\u00a0\u00bbdefault\u00a0\u00bb width=\u00a0\u00bb90%\u00a0\u00bb width_tablet=\u00a0\u00bb\u00a0\u00bb width_phone=\u00a0\u00bb90%\u00a0\u00bb width_last_edited=\u00a0\u00bbon|phone\u00a0\u00bb max_width=\u00a0\u00bb100%\u00a0\u00bb max_width_tablet=\u00a0\u00bb\u00a0\u00bb max_width_phone=\u00a0\u00bb100%\u00a0\u00bb max_width_last_edited=\u00a0\u00bbon|phone\u00a0\u00bb custom_padding=\u00a0\u00bb||||false|false\u00a0\u00bb global_colors_info=\u00a0\u00bb{}\u00a0\u00bb theme_builder_area=\u00a0\u00bbpost_content\u00a0\u00bb][et_pb_column type=\u00a0\u00bb1_2&Prime; _builder_version=\u00a0\u00bb4.27.5&Prime; _module_preset=\u00a0\u00bbdefault\u00a0\u00bb background_image=\u00a0\u00bbhttps:\/\/events-byjs.com\/wp-content\/uploads\/2026\/02\/Production-evenementielle-a-Monaco.jpg\u00a0\u00bb custom_padding=\u00a0\u00bb200px||200px||true|false\u00a0\u00bb global_colors_info=\u00a0\u00bb{}\u00a0\u00bb theme_builder_area=\u00a0\u00bbpost_content\u00a0\u00bb][et_pb_text _builder_version=\u00a0\u00bb4.27.5&Prime; _module_preset=\u00a0\u00bbdefault\u00a0\u00bb global_colors_info=\u00a0\u00bb{}\u00a0\u00bb theme_builder_area=\u00a0\u00bbpost_content\u00a0\u00bb]<\/p>\n<p>&nbsp;<\/p>\n<p>&nbsp;<\/p>\n<p>[\/et_pb_text][\/et_pb_column][et_pb_column type=\u00a0\u00bb1_2&Prime; _builder_version=\u00a0\u00bb4.27.5&Prime; _module_preset=\u00a0\u00bbdefault\u00a0\u00bb global_colors_info=\u00a0\u00bb{}\u00a0\u00bb theme_builder_area=\u00a0\u00bbpost_content\u00a0\u00bb][et_pb_text _builder_version=\u00a0\u00bb4.27.5&Prime; _module_preset=\u00a0\u00bbdefault\u00a0\u00bb header_2_font=\u00a0\u00bb|||on|||||\u00a0\u00bb custom_margin=\u00a0\u00bb||40px||false|false\u00a0\u00bb global_colors_info=\u00a0\u00bb{}\u00a0\u00bb theme_builder_area=\u00a0\u00bbpost_content\u00a0\u00bb]<\/p>\n<p data-start=\"369\" data-end=\"733\">Nous intervenons en tant qu\u2019<strong data-start=\"397\" data-end=\"445\">agence de production \u00e9v\u00e8nementielle \u00e0 Monaco<\/strong> aupr\u00e8s d\u2019entreprises et d\u2019institutions souhaitant concevoir des \u00e9v\u00e9nements professionnels structur\u00e9s et ma\u00eetris\u00e9s. La Principaut\u00e9 de <a href=\"https:\/\/www.visitmonaco.com\/\" target=\"_blank\" rel=\"noopener\">Monaco<\/a> constitue un environnement sp\u00e9cifique, o\u00f9 la production d\u2019\u00e9v\u00e9nements requiert rigueur, anticipation et parfaite coordination des acteurs impliqu\u00e9s.<\/p>\n<p>[\/et_pb_text][et_pb_text _builder_version=\u00a0\u00bb4.27.5&Prime; _module_preset=\u00a0\u00bbdefault\u00a0\u00bb header_2_font=\u00a0\u00bb|||on|||||\u00a0\u00bb custom_margin=\u00a0\u00bb||15px||false|false\u00a0\u00bb header_2_font_size_tablet=\u00a0\u00bb24px\u00a0\u00bb header_2_font_size_phone=\u00a0\u00bb20px\u00a0\u00bb header_2_font_size_last_edited=\u00a0\u00bbon|phone\u00a0\u00bb global_colors_info=\u00a0\u00bb{}\u00a0\u00bb theme_builder_area=\u00a0\u00bbpost_content\u00a0\u00bb]<\/p>\n<div id=\"ez-toc-container\" class=\"ez-toc-v2_0_82_2 counter-hierarchy ez-toc-counter ez-toc-grey ez-toc-container-direction\">\n<div class=\"ez-toc-title-container\">\n<p class=\"ez-toc-title\" style=\"cursor:inherit\">Table of Contents<\/p>\n<span class=\"ez-toc-title-toggle\"><a href=\"#\" class=\"ez-toc-pull-right ez-toc-btn ez-toc-btn-xs ez-toc-btn-default ez-toc-toggle\" aria-label=\"Toggle Table of Content\"><span class=\"ez-toc-js-icon-con\"><span class=\"\"><span class=\"eztoc-hide\" style=\"display:none;\">Toggle<\/span><span class=\"ez-toc-icon-toggle-span\"><svg style=\"fill: #999;color:#999\" xmlns=\"http:\/\/www.w3.org\/2000\/svg\" class=\"list-377408\" width=\"20px\" height=\"20px\" viewBox=\"0 0 24 24\" fill=\"none\"><path d=\"M6 6H4v2h2V6zm14 0H8v2h12V6zM4 11h2v2H4v-2zm16 0H8v2h12v-2zM4 16h2v2H4v-2zm16 0H8v2h12v-2z\" fill=\"currentColor\"><\/path><\/svg><svg style=\"fill: #999;color:#999\" class=\"arrow-unsorted-368013\" xmlns=\"http:\/\/www.w3.org\/2000\/svg\" width=\"10px\" height=\"10px\" viewBox=\"0 0 24 24\" version=\"1.2\" baseProfile=\"tiny\"><path d=\"M18.2 9.3l-6.2-6.3-6.2 6.3c-.2.2-.3.4-.3.7s.1.5.3.7c.2.2.4.3.7.3h11c.3 0 .5-.1.7-.3.2-.2.3-.5.3-.7s-.1-.5-.3-.7zM5.8 14.7l6.2 6.3 6.2-6.3c.2-.2.3-.5.3-.7s-.1-.5-.3-.7c-.2-.2-.4-.3-.7-.3h-11c-.3 0-.5.1-.7.3-.2.2-.3.5-.3.7s.1.5.3.7z\"\/><\/svg><\/span><\/span><\/span><\/a><\/span><\/div>\n<nav><ul class='ez-toc-list ez-toc-list-level-1 ' ><li class='ez-toc-page-1 ez-toc-heading-level-2'><a class=\"ez-toc-link ez-toc-heading-1\" href=\"https:\/\/events-byjs.com\/fr\/agence-de-production-evenementielle-a-monaco\/#Monaco_cadre_exigeant_pour_la_production_evenementielle\" >Monaco, cadre exigeant pour la production \u00e9v\u00e8nementielle<\/a><\/li><li class='ez-toc-page-1 ez-toc-heading-level-2'><a class=\"ez-toc-link ez-toc-heading-2\" href=\"https:\/\/events-byjs.com\/fr\/agence-de-production-evenementielle-a-monaco\/#Une_approche_structuree\" >Une approche structur\u00e9e<\/a><\/li><li class='ez-toc-page-1 ez-toc-heading-level-2'><a class=\"ez-toc-link ez-toc-heading-3\" href=\"https:\/\/events-byjs.com\/fr\/agence-de-production-evenementielle-a-monaco\/#Events_by_JS_agence_de_production_evenementielle_a_Monaco\" >Events by JS, agence de production \u00e9v\u00e8nementielle \u00e0 Monaco<\/a><\/li><li class='ez-toc-page-1 ez-toc-heading-level-2'><a class=\"ez-toc-link ez-toc-heading-4\" href=\"https:\/\/events-byjs.com\/fr\/agence-de-production-evenementielle-a-monaco\/#Un_accompagnement_global\" >Un accompagnement global<\/a><\/li><li class='ez-toc-page-1 ez-toc-heading-level-2'><a class=\"ez-toc-link ez-toc-heading-5\" href=\"https:\/\/events-byjs.com\/fr\/agence-de-production-evenementielle-a-monaco\/#Lexpertise_dune_agence_dediee_aux_professionnels\" >L\u2019expertise d\u2019une agence d\u00e9di\u00e9e aux professionnels<\/a><\/li><\/ul><\/nav><\/div>\n<h2 data-start=\"910\" data-end=\"973\"><span class=\"ez-toc-section\" id=\"Monaco_cadre_exigeant_pour_la_production_evenementielle\"><\/span>Monaco, cadre exigeant pour la production \u00e9v\u00e8nementielle<span class=\"ez-toc-section-end\"><\/span><\/h2>\n<p>[\/et_pb_text][et_pb_text _builder_version=\u00a0\u00bb4.27.5&Prime; _module_preset=\u00a0\u00bbdefault\u00a0\u00bb header_2_font=\u00a0\u00bb|||on|||||\u00a0\u00bb custom_margin=\u00a0\u00bb||40px||false|false\u00a0\u00bb global_colors_info=\u00a0\u00bb{}\u00a0\u00bb theme_builder_area=\u00a0\u00bbpost_content\u00a0\u00bb]<\/p>\n<p data-start=\"975\" data-end=\"1244\">La <strong data-start=\"978\" data-end=\"1016\">production \u00e9v\u00e8nementielle \u00e0 Monaco<\/strong> s\u2019inscrit dans un contexte o\u00f9 chaque projet n\u00e9cessite une pr\u00e9paration approfondie. Les lieux disponibles, les contraintes logistiques, les autorisations et la coordination des prestataires doivent \u00eatre anticip\u00e9s avec pr\u00e9cision. Monaco accueille r\u00e9guli\u00e8rement des conf\u00e9rences, \u00e9v\u00e9nements corporate, lancements de projets et rencontres institutionnelles avec comme ma\u00eetre-mot : le luxe.<\/p>\n<p>[\/et_pb_text][et_pb_text _builder_version=\u00a0\u00bb4.27.5&Prime; _module_preset=\u00a0\u00bbdefault\u00a0\u00bb header_2_font=\u00a0\u00bb|||on|||||\u00a0\u00bb custom_margin=\u00a0\u00bb||15px||false|false\u00a0\u00bb global_colors_info=\u00a0\u00bb{}\u00a0\u00bb theme_builder_area=\u00a0\u00bbpost_content\u00a0\u00bb]<\/p>\n<h2 data-start=\"1519\" data-end=\"1576\"><span class=\"ez-toc-section\" id=\"Une_approche_structuree\"><\/span>Une approche structur\u00e9e<span class=\"ez-toc-section-end\"><\/span><\/h2>\n<p>[\/et_pb_text][et_pb_text _builder_version=\u00a0\u00bb4.27.5&Prime; _module_preset=\u00a0\u00bbdefault\u00a0\u00bb header_2_font=\u00a0\u00bb|||on|||||\u00a0\u00bb custom_margin=\u00a0\u00bb||40px||false|false\u00a0\u00bb global_colors_info=\u00a0\u00bb{}\u00a0\u00bb theme_builder_area=\u00a0\u00bbpost_content\u00a0\u00bb]<\/p>\n<p><span style=\"font-weight: 400;\">En tant qu\u2019agence de production \u00e9v\u00e8nementielle, chaque projet d\u00e9bute par une analyse des objectifs, des contraintes techniques et budg\u00e9taires. Cette phase permet de d\u00e9finir une production coh\u00e9rente, align\u00e9e avec les attentes du client.<\/span><\/p>\n<p><span style=\"font-weight: 400;\">Nous assurons la coordination des diff\u00e9rents intervenants : prestataires techniques, \u00e9quipes logistiques, lieux de r\u00e9ception et partenaires locaux. Cette organisation permet de garantir un d\u00e9roulement fluide et une gestion ma\u00eetris\u00e9e de l\u2019ensemble des \u00e9tapes de production.<\/span><\/p>\n<p>[\/et_pb_text][et_pb_text _builder_version=\u00a0\u00bb4.27.5&Prime; _module_preset=\u00a0\u00bbdefault\u00a0\u00bb header_2_font=\u00a0\u00bb|||on|||||\u00a0\u00bb custom_margin=\u00a0\u00bb40px||15px||false|false\u00a0\u00bb hover_enabled=\u00a0\u00bb0&Prime; header_2_font_size_tablet=\u00a0\u00bb24px\u00a0\u00bb header_2_font_size_phone=\u00a0\u00bb20px\u00a0\u00bb header_2_font_size_last_edited=\u00a0\u00bbon|phone\u00a0\u00bb global_colors_info=\u00a0\u00bb{}\u00a0\u00bb theme_builder_area=\u00a0\u00bbpost_content\u00a0\u00bb sticky_enabled=\u00a0\u00bb0&Prime;]<\/p>\n<h2 data-start=\"2154\" data-end=\"2216\"><span class=\"ez-toc-section\" id=\"Events_by_JS_agence_de_production_evenementielle_a_Monaco\"><\/span>Events by JS, agence de production \u00e9v\u00e8nementielle \u00e0 Monaco<span class=\"ez-toc-section-end\"><\/span><\/h2>\n<p>[\/et_pb_text][et_pb_text _builder_version=\u00a0\u00bb4.27.5&Prime; _module_preset=\u00a0\u00bbdefault\u00a0\u00bb header_2_font=\u00a0\u00bb|||on|||||\u00a0\u00bb custom_margin=\u00a0\u00bb||||false|false\u00a0\u00bb global_colors_info=\u00a0\u00bb{}\u00a0\u00bb theme_builder_area=\u00a0\u00bbpost_content\u00a0\u00bb]<\/p>\n<p><span style=\"font-weight: 400;\">Events by JS con\u00e7oit et met en \u0153uvre des dispositifs de production \u00e9v\u00e8nementielle \u00e0 Monaco, en prenant en charge les aspects techniques, logistiques et op\u00e9rationnels lors de nombreux projets. L\u2019agence intervient sur des \u00e9v\u00e9nements professionnels vari\u00e9s, en s\u2019adaptant aux contraintes de chaque lieu et aux exigences propres au territoire mon\u00e9gasque.<\/span><\/p>\n<p><span style=\"font-weight: 400;\">Gr\u00e2ce \u00e0 une approche structur\u00e9e, Events by JS assure une mise en \u0153uvre fluide et ma\u00eetris\u00e9e des \u00e9v\u00e9nements. Chaque projet b\u00e9n\u00e9ficie d\u2019une coordination rigoureuse, permettant d\u2019anticiper les enjeux techniques et de garantir une ex\u00e9cution conforme aux attentes des clients.<\/span><\/p>\n<p>[\/et_pb_text][\/et_pb_column][\/et_pb_row][et_pb_row _builder_version=\u00a0\u00bb4.27.5&Prime; _module_preset=\u00a0\u00bbdefault\u00a0\u00bb width=\u00a0\u00bb90%\u00a0\u00bb max_width=\u00a0\u00bb100%\u00a0\u00bb custom_padding=\u00a0\u00bb||0px||false|false\u00a0\u00bb global_colors_info=\u00a0\u00bb{}\u00a0\u00bb theme_builder_area=\u00a0\u00bbpost_content\u00a0\u00bb][et_pb_column type=\u00a0\u00bb4_4&Prime; _builder_version=\u00a0\u00bb4.27.5&Prime; _module_preset=\u00a0\u00bbdefault\u00a0\u00bb global_colors_info=\u00a0\u00bb{}\u00a0\u00bb theme_builder_area=\u00a0\u00bbpost_content\u00a0\u00bb][et_pb_image src=\u00a0\u00bbhttps:\/\/events-byjs.com\/wp-content\/uploads\/2026\/02\/Evenement-professionnel-a-Cannes-Alpes-France.jpg\u00a0\u00bb alt=\u00a0\u00bb\u00c9v\u00e8nement professionnel \u00e0 Cannes France\u00a0\u00bb title_text=\u00a0\u00bb\u00c9v\u00e8nement-professionnel-\u00e0-Cannes-Alpes-France\u00a0\u00bb _builder_version=\u00a0\u00bb4.27.5&Prime; _module_preset=\u00a0\u00bbdefault\u00a0\u00bb custom_margin=\u00a0\u00bb||||false|false\u00a0\u00bb global_colors_info=\u00a0\u00bb{}\u00a0\u00bb theme_builder_area=\u00a0\u00bbpost_content\u00a0\u00bb][\/et_pb_image][et_pb_divider color=\u00a0\u00bb#000000&Prime; _builder_version=\u00a0\u00bb4.27.5&Prime; _module_preset=\u00a0\u00bbdefault\u00a0\u00bb global_colors_info=\u00a0\u00bb{}\u00a0\u00bb theme_builder_area=\u00a0\u00bbpost_content\u00a0\u00bb][\/et_pb_divider][\/et_pb_column][\/et_pb_row][et_pb_row column_structure=\u00a0\u00bb1_2,1_2&Prime; make_equal=\u00a0\u00bbon\u00a0\u00bb _builder_version=\u00a0\u00bb4.27.5&Prime; _module_preset=\u00a0\u00bbdefault\u00a0\u00bb width=\u00a0\u00bb90%\u00a0\u00bb max_width=\u00a0\u00bb100%\u00a0\u00bb custom_padding=\u00a0\u00bb||||false|false\u00a0\u00bb border_width_bottom=\u00a0\u00bb1px\u00a0\u00bb global_colors_info=\u00a0\u00bb{}\u00a0\u00bb theme_builder_area=\u00a0\u00bbpost_content\u00a0\u00bb][et_pb_column type=\u00a0\u00bb1_2&Prime; _builder_version=\u00a0\u00bb4.27.5&Prime; _module_preset=\u00a0\u00bbdefault\u00a0\u00bb global_colors_info=\u00a0\u00bb{}\u00a0\u00bb theme_builder_area=\u00a0\u00bbpost_content\u00a0\u00bb][et_pb_text _builder_version=\u00a0\u00bb4.27.5&Prime; _module_preset=\u00a0\u00bbdefault\u00a0\u00bb header_2_font=\u00a0\u00bb|||on|||||\u00a0\u00bb custom_margin=\u00a0\u00bb||15px||false|false\u00a0\u00bb header_2_font_size_tablet=\u00a0\u00bb24px\u00a0\u00bb header_2_font_size_phone=\u00a0\u00bb20px\u00a0\u00bb header_2_font_size_last_edited=\u00a0\u00bbon|phone\u00a0\u00bb global_colors_info=\u00a0\u00bb{}\u00a0\u00bb theme_builder_area=\u00a0\u00bbpost_content\u00a0\u00bb]<\/p>\n<h2 data-start=\"2790\" data-end=\"2853\"><span class=\"ez-toc-section\" id=\"Un_accompagnement_global\"><\/span>Un accompagnement global<span class=\"ez-toc-section-end\"><\/span><\/h2>\n<p>[\/et_pb_text][et_pb_text _builder_version=\u00a0\u00bb4.27.5&Prime; _module_preset=\u00a0\u00bbdefault\u00a0\u00bb header_2_font=\u00a0\u00bb|||on|||||\u00a0\u00bb custom_margin=\u00a0\u00bb||40px||false|false\u00a0\u00bb global_colors_info=\u00a0\u00bb{}\u00a0\u00bb theme_builder_area=\u00a0\u00bbpost_content\u00a0\u00bb]<\/p>\n<p data-start=\"2855\" data-end=\"3132\">Nous prenons en charge l\u2019ensemble du processus de production \u00e9v\u00e8nementielle : conception du projet, gestion technique, planification, coordination sur site et suivi op\u00e9rationnel. Chaque \u00e9tape est pilot\u00e9e avec pr\u00e9cision afin d\u2019assurer la continuit\u00e9 et la qualit\u00e9 de l\u2019\u00e9v\u00e9nement.<\/p>\n<p data-start=\"3134\" data-end=\"3339\">Notre r\u00f4le est \u00e9galement d\u2019anticiper les points sensibles et d\u2019assurer une pr\u00e9sence active lors du d\u00e9roulement de l\u2019\u00e9v\u00e9nement, garantissant ainsi une production s\u00e9curis\u00e9e et conforme aux objectifs d\u00e9finis.<\/p>\n<p>[\/et_pb_text][et_pb_text _builder_version=\u00a0\u00bb4.27.5&Prime; _module_preset=\u00a0\u00bbdefault\u00a0\u00bb header_2_font=\u00a0\u00bb|||on|||||\u00a0\u00bb custom_margin=\u00a0\u00bb||15px||false|false\u00a0\u00bb header_2_font_size_tablet=\u00a0\u00bb24px\u00a0\u00bb header_2_font_size_phone=\u00a0\u00bb20px\u00a0\u00bb header_2_font_size_last_edited=\u00a0\u00bbon|phone\u00a0\u00bb global_colors_info=\u00a0\u00bb{}\u00a0\u00bb theme_builder_area=\u00a0\u00bbpost_content\u00a0\u00bb]<\/p>\n<h2><span class=\"ez-toc-section\" id=\"Lexpertise_dune_agence_dediee_aux_professionnels\"><\/span>L\u2019expertise d\u2019une agence d\u00e9di\u00e9e aux professionnels<span class=\"ez-toc-section-end\"><\/span><\/h2>\n<p>[\/et_pb_text][et_pb_text _builder_version=\u00a0\u00bb4.27.5&Prime; _module_preset=\u00a0\u00bbdefault\u00a0\u00bb header_2_font=\u00a0\u00bb|||on|||||\u00a0\u00bb global_colors_info=\u00a0\u00bb{}\u00a0\u00bb theme_builder_area=\u00a0\u00bbpost_content\u00a0\u00bb]<\/p>\n<p data-start=\"3418\" data-end=\"3625\">Faire appel \u00e0 <strong data-start=\"3432\" data-end=\"3448\">Events by JS<\/strong> en tant qu\u2019<strong data-start=\"3460\" data-end=\"3508\">agence de production \u00e9v\u00e8nementielle \u00e0 Monaco<\/strong>, c\u2019est choisir un partenaire capable d\u2019intervenir dans un environnement exigeant, avec m\u00e9thode et professionnalisme.<\/p>\n<p data-start=\"3627\" data-end=\"3848\">Pour \u00e9changer sur votre projet et \u00e9tudier une solution de production adapt\u00e9e \u00e0 vos besoins, nous vous invitons \u00e0 <a href=\"https:\/\/events-byjs.com\/actualites-inspirations-evenementielles-cannes\/\">nous contacter<\/a>.<\/p>\n<p>[\/et_pb_text][\/et_pb_column][et_pb_column type=\u00a0\u00bb1_2&Prime; _builder_version=\u00a0\u00bb4.27.5&Prime; _module_preset=\u00a0\u00bbdefault\u00a0\u00bb background_image=\u00a0\u00bbhttps:\/\/events-byjs.com\/wp-content\/uploads\/2026\/02\/Agence-de-production-evenementielle-Monaco.jpg\u00a0\u00bb custom_padding=\u00a0\u00bb200px||200px||true|false\u00a0\u00bb global_colors_info=\u00a0\u00bb{}\u00a0\u00bb theme_builder_area=\u00a0\u00bbpost_content\u00a0\u00bb][et_pb_text _builder_version=\u00a0\u00bb4.27.5&Prime; _module_preset=\u00a0\u00bbdefault\u00a0\u00bb global_colors_info=\u00a0\u00bb{}\u00a0\u00bb theme_builder_area=\u00a0\u00bbpost_content\u00a0\u00bb]<\/p>\n<p>&nbsp;<\/p>\n<p>&nbsp;<\/p>\n<p>[\/et_pb_text][\/et_pb_column][\/et_pb_row][\/et_pb_section]<\/p>\n","protected":false},"excerpt":{"rendered":"<p>&nbsp; &nbsp;Nous intervenons en tant qu\u2019agence de production \u00e9v\u00e8nementielle \u00e0 Monaco aupr\u00e8s d\u2019entreprises et d\u2019institutions souhaitant concevoir des \u00e9v\u00e9nements professionnels structur\u00e9s et ma\u00eetris\u00e9s. La Principaut\u00e9 de Monaco constitue un environnement sp\u00e9cifique, o\u00f9 la production d\u2019\u00e9v\u00e9nements requiert rigueur, anticipation et parfaite coordination des acteurs impliqu\u00e9s.Monaco, cadre exigeant pour la production \u00e9v\u00e8nementielleLa production \u00e9v\u00e8nementielle \u00e0 Monaco s\u2019inscrit dans un contexte o\u00f9 chaque projet n\u00e9cessite une pr\u00e9paration approfondie. Les lieux disponibles, les contraintes logistiques, les autorisations et la coordination des prestataires doivent \u00eatre anticip\u00e9s avec pr\u00e9cision. Monaco accueille r\u00e9guli\u00e8rement des conf\u00e9rences, \u00e9v\u00e9nements corporate, lancements de projets et rencontres institutionnelles avec comme ma\u00eetre-mot : le luxe.Une approche structur\u00e9eEn tant qu\u2019agence de production \u00e9v\u00e8nementielle, chaque projet d\u00e9bute par une analyse des objectifs, des contraintes techniques et budg\u00e9taires. Cette phase permet de d\u00e9finir une production coh\u00e9rente, align\u00e9e avec les attentes du client. Nous assurons la coordination des diff\u00e9rents intervenants : prestataires techniques, \u00e9quipes logistiques, lieux de r\u00e9ception et partenaires locaux. Cette organisation permet de garantir un d\u00e9roulement fluide et une gestion ma\u00eetris\u00e9e de l\u2019ensemble des \u00e9tapes de production.Events by JS, agence de production \u00e9v\u00e8nementielle \u00e0 MonacoEvents by JS con\u00e7oit et met en \u0153uvre des dispositifs de production \u00e9v\u00e8nementielle \u00e0 Monaco, en prenant en charge les aspects [&hellip;]<\/p>\n","protected":false},"author":1,"featured_media":74708,"comment_status":"closed","ping_status":"closed","sticky":false,"template":"","format":"standard","meta":{"_et_pb_use_builder":"on","_et_pb_old_content":"","_et_gb_content_width":"","_monsterinsights_skip_tracking":false,"_monsterinsights_sitenote_active":false,"_monsterinsights_sitenote_note":"","_monsterinsights_sitenote_category":0,"footnotes":""},"categories":[14],"tags":[],"class_list":["post-72168","post","type-post","status-publish","format-standard","has-post-thumbnail","hentry","category-actualites"],"_links":{"self":[{"href":"https:\/\/events-byjs.com\/fr\/wp-json\/wp\/v2\/posts\/72168","targetHints":{"allow":["GET"]}}],"collection":[{"href":"https:\/\/events-byjs.com\/fr\/wp-json\/wp\/v2\/posts"}],"about":[{"href":"https:\/\/events-byjs.com\/fr\/wp-json\/wp\/v2\/types\/post"}],"author":[{"embeddable":true,"href":"https:\/\/events-byjs.com\/fr\/wp-json\/wp\/v2\/users\/1"}],"replies":[{"embeddable":true,"href":"https:\/\/events-byjs.com\/fr\/wp-json\/wp\/v2\/comments?post=72168"}],"version-history":[{"count":48,"href":"https:\/\/events-byjs.com\/fr\/wp-json\/wp\/v2\/posts\/72168\/revisions"}],"predecessor-version":[{"id":74742,"href":"https:\/\/events-byjs.com\/fr\/wp-json\/wp\/v2\/posts\/72168\/revisions\/74742"}],"wp:featuredmedia":[{"embeddable":true,"href":"https:\/\/events-byjs.com\/fr\/wp-json\/wp\/v2\/media\/74708"}],"wp:attachment":[{"href":"https:\/\/events-byjs.com\/fr\/wp-json\/wp\/v2\/media?parent=72168"}],"wp:term":[{"taxonomy":"category","embeddable":true,"href":"https:\/\/events-byjs.com\/fr\/wp-json\/wp\/v2\/categories?post=72168"},{"taxonomy":"post_tag","embeddable":true,"href":"https:\/\/events-byjs.com\/fr\/wp-json\/wp\/v2\/tags?post=72168"}],"curies":[{"name":"wp","href":"https:\/\/api.w.org\/{rel}","templated":true}]}}