{"id":72149,"date":"2025-12-15T13:01:14","date_gmt":"2025-12-15T13:01:14","guid":{"rendered":"https:\/\/events-byjs.fr\/?p=72149"},"modified":"2026-02-19T10:58:11","modified_gmt":"2026-02-19T10:58:11","slug":"organisation-devenement-a-monaco","status":"publish","type":"post","link":"https:\/\/events-byjs.com\/fr\/organisation-devenement-a-monaco\/","title":{"rendered":"Organisation d&rsquo;\u00e9v\u00e8nement \u00e0 Monaco"},"content":{"rendered":"<p>[et_pb_section fb_built=\u00a0\u00bb1&Prime; _builder_version=\u00a0\u00bb4.27.5&Prime; _module_preset=\u00a0\u00bbdefault\u00a0\u00bb hover_enabled=\u00a0\u00bb0&Prime; global_colors_info=\u00a0\u00bb{}\u00a0\u00bb theme_builder_area=\u00a0\u00bbpost_content\u00a0\u00bb sticky_enabled=\u00a0\u00bb0&Prime;][et_pb_row _builder_version=\u00a0\u00bb4.27.5&Prime; _module_preset=\u00a0\u00bbdefault\u00a0\u00bb theme_builder_area=\u00a0\u00bbpost_content\u00a0\u00bb column_structure=\u00a0\u00bb1_2,1_2&Prime; max_width=\u00a0\u00bb100%\u00a0\u00bb width=\u00a0\u00bb90%\u00a0\u00bb hover_enabled=\u00a0\u00bb0&Prime; sticky_enabled=\u00a0\u00bb0&Prime; make_equal=\u00a0\u00bbon\u00a0\u00bb][et_pb_column _builder_version=\u00a0\u00bb4.27.5&Prime; _module_preset=\u00a0\u00bbdefault\u00a0\u00bb type=\u00a0\u00bb1_2&Prime; theme_builder_area=\u00a0\u00bbpost_content\u00a0\u00bb alt=\u00a0\u00bbOrganisation \u00e9v\u00e8nementielle \u00e0 Monaco\u00a0\u00bb title_text=\u00a0\u00bbOrganisation \u00e9v\u00e8nementielle Monaco\u00a0\u00bb background_image=\u00a0\u00bbhttps:\/\/events-byjs.com\/wp-content\/uploads\/2025\/12\/Organisation-evenementielle-Monaco.jpg\u00a0\u00bb hover_enabled=\u00a0\u00bb0&Prime; sticky_enabled=\u00a0\u00bb0&Prime; custom_padding=\u00a0\u00bb200px||200px||true|false\u00a0\u00bb][et_pb_text _builder_version=\u00a0\u00bb4.27.5&Prime; _module_preset=\u00a0\u00bbdefault\u00a0\u00bb theme_builder_area=\u00a0\u00bbpost_content\u00a0\u00bb hover_enabled=\u00a0\u00bb0&Prime; sticky_enabled=\u00a0\u00bb0&Prime;]<\/p>\n<p>&nbsp;<\/p>\n<p>&nbsp;<\/p>\n<p>&nbsp;<\/p>\n<p>[\/et_pb_text][\/et_pb_column][et_pb_column _builder_version=\u00a0\u00bb4.27.5&Prime; _module_preset=\u00a0\u00bbdefault\u00a0\u00bb type=\u00a0\u00bb1_2&Prime; theme_builder_area=\u00a0\u00bbpost_content\u00a0\u00bb][et_pb_text _builder_version=\u00a0\u00bb4.27.5&Prime; _module_preset=\u00a0\u00bbdefault\u00a0\u00bb header_2_font=\u00a0\u00bb|||on|||||\u00a0\u00bb custom_margin=\u00a0\u00bb||40px||false|false\u00a0\u00bb custom_padding=\u00a0\u00bb||||false|false\u00a0\u00bb global_colors_info=\u00a0\u00bb{}\u00a0\u00bb theme_builder_area=\u00a0\u00bbpost_content\u00a0\u00bb]<\/p>\n<p><span style=\"font-weight: 400;\">Principaut\u00e9 reconnue pour son dynamisme \u00e9conomique et institutionnel,<\/span><a href=\"https:\/\/www.visitmonaco.com\/\" target=\"_blank\" rel=\"noopener\"> <span style=\"font-weight: 400;\">Monaco<\/span><\/a><span style=\"font-weight: 400;\"> accueille de nombreux \u00e9v\u00e8nements professionnels, n\u00e9cessitant une organisation rigoureuse, discr\u00e8te et parfaitement structur\u00e9e.<\/span><\/p>\n<p><span style=\"font-weight: 400;\">Concevoir un \u00e9v\u00e8nement \u00e0 Monaco implique une compr\u00e9hension pr\u00e9cise des attentes, des contraintes locales et des standards de qualit\u00e9 de ce territoire exigeant o\u00f9 chaque d\u00e9tail compte.<\/span><\/p>\n<p>[\/et_pb_text][et_pb_text _builder_version=\u00a0\u00bb4.27.5&Prime; _module_preset=\u00a0\u00bbdefault\u00a0\u00bb header_2_font=\u00a0\u00bb|||on|||||\u00a0\u00bb custom_margin=\u00a0\u00bb||15px||false|false\u00a0\u00bb custom_padding=\u00a0\u00bb||||false|false\u00a0\u00bb header_2_font_size_tablet=\u00a0\u00bb24px\u00a0\u00bb header_2_font_size_phone=\u00a0\u00bb20px\u00a0\u00bb header_2_font_size_last_edited=\u00a0\u00bbon|phone\u00a0\u00bb global_colors_info=\u00a0\u00bb{}\u00a0\u00bb theme_builder_area=\u00a0\u00bbpost_content\u00a0\u00bb]<\/p>\n<div id=\"ez-toc-container\" class=\"ez-toc-v2_0_82_2 counter-hierarchy ez-toc-counter ez-toc-grey ez-toc-container-direction\">\n<div class=\"ez-toc-title-container\">\n<p class=\"ez-toc-title\" style=\"cursor:inherit\">Table of Contents<\/p>\n<span class=\"ez-toc-title-toggle\"><a href=\"#\" class=\"ez-toc-pull-right ez-toc-btn ez-toc-btn-xs ez-toc-btn-default ez-toc-toggle\" aria-label=\"Toggle Table of Content\"><span class=\"ez-toc-js-icon-con\"><span class=\"\"><span class=\"eztoc-hide\" style=\"display:none;\">Toggle<\/span><span class=\"ez-toc-icon-toggle-span\"><svg style=\"fill: #999;color:#999\" xmlns=\"http:\/\/www.w3.org\/2000\/svg\" class=\"list-377408\" width=\"20px\" height=\"20px\" viewBox=\"0 0 24 24\" fill=\"none\"><path d=\"M6 6H4v2h2V6zm14 0H8v2h12V6zM4 11h2v2H4v-2zm16 0H8v2h12v-2zM4 16h2v2H4v-2zm16 0H8v2h12v-2z\" fill=\"currentColor\"><\/path><\/svg><svg style=\"fill: #999;color:#999\" class=\"arrow-unsorted-368013\" xmlns=\"http:\/\/www.w3.org\/2000\/svg\" width=\"10px\" height=\"10px\" viewBox=\"0 0 24 24\" version=\"1.2\" baseProfile=\"tiny\"><path d=\"M18.2 9.3l-6.2-6.3-6.2 6.3c-.2.2-.3.4-.3.7s.1.5.3.7c.2.2.4.3.7.3h11c.3 0 .5-.1.7-.3.2-.2.3-.5.3-.7s-.1-.5-.3-.7zM5.8 14.7l6.2 6.3 6.2-6.3c.2-.2.3-.5.3-.7s-.1-.5-.3-.7c-.2-.2-.4-.3-.7-.3h-11c-.3 0-.5.1-.7.3-.2.2-.3.5-.3.7s.1.5.3.7z\"\/><\/svg><\/span><\/span><\/span><\/a><\/span><\/div>\n<nav><ul class='ez-toc-list ez-toc-list-level-1 ' ><li class='ez-toc-page-1 ez-toc-heading-level-2'><a class=\"ez-toc-link ez-toc-heading-1\" href=\"https:\/\/events-byjs.com\/fr\/organisation-devenement-a-monaco\/#Monaco_levenementiel_de_luxe\" >Monaco, l&rsquo;\u00e9v\u00e8nementiel de luxe<\/a><\/li><li class='ez-toc-page-1 ez-toc-heading-level-2'><a class=\"ez-toc-link ez-toc-heading-2\" href=\"https:\/\/events-byjs.com\/fr\/organisation-devenement-a-monaco\/#Une_organisation_devenements_fondee_sur_lexperience\" >Une organisation d&rsquo;\u00e9v\u00e8nements fond\u00e9e sur l\u2019exp\u00e9rience<\/a><\/li><li class='ez-toc-page-1 ez-toc-heading-level-2'><a class=\"ez-toc-link ez-toc-heading-3\" href=\"https:\/\/events-byjs.com\/fr\/organisation-devenement-a-monaco\/#Events_by_JS_lexpertise_evenementielle_a_Monaco\" >Events by JS, l\u2019expertise \u00e9v\u00e9nementielle \u00e0 Monaco<\/a><\/li><li class='ez-toc-page-1 ez-toc-heading-level-2'><a class=\"ez-toc-link ez-toc-heading-4\" href=\"https:\/\/events-byjs.com\/fr\/organisation-devenement-a-monaco\/#Evenements_professionnels_a_Monaco_sur_mesure\" >\u00c9v\u00e9nements professionnels \u00e0 Monaco, sur mesure<\/a><\/li><li class='ez-toc-page-1 ez-toc-heading-level-2'><a class=\"ez-toc-link ez-toc-heading-5\" href=\"https:\/\/events-byjs.com\/fr\/organisation-devenement-a-monaco\/#Une_Agence_evenementielle_experimentee_a_votre_service\" >Une Agence \u00e9v\u00e9nementielle exp\u00e9riment\u00e9e \u00e0 votre service<\/a><\/li><\/ul><\/nav><\/div>\n<h2 data-start=\"706\" data-end=\"896\"><span class=\"ez-toc-section\" id=\"Monaco_levenementiel_de_luxe\"><\/span>Monaco, l&rsquo;\u00e9v\u00e8nementiel de luxe<span class=\"ez-toc-section-end\"><\/span><\/h2>\n<p>[\/et_pb_text][et_pb_text _builder_version=\u00a0\u00bb4.27.5&Prime; _module_preset=\u00a0\u00bbdefault\u00a0\u00bb header_2_font=\u00a0\u00bb|||on|||||\u00a0\u00bb custom_margin=\u00a0\u00bb||40px||false|false\u00a0\u00bb custom_padding=\u00a0\u00bb||||false|false\u00a0\u00bb global_colors_info=\u00a0\u00bb{}\u00a0\u00bb theme_builder_area=\u00a0\u00bbpost_content\u00a0\u00bb]<\/p>\n<p><span style=\"font-weight: 400;\">L\u2019organisation \u00e9v\u00e8nementielle \u00e0 Monaco s\u2019inscrit dans un contexte particulier, o\u00f9 les normes logistiques, les autorisations et la coordination des prestataires demandent une expertise confirm\u00e9e. La Principaut\u00e9 dispose de lieux embl\u00e9matiques et de structures adapt\u00e9es aux conf\u00e9rences, s\u00e9minaires, r\u00e9unions d\u2019affaires et \u00e9v\u00e8nements professionnels \u00e0 forte valeur ajout\u00e9e.<\/span><\/p>\n<p><span style=\"font-weight: 400;\">La localisation internationale de Monaco, sa proximit\u00e9 avec Nice et son attractivit\u00e9 aupr\u00e8s d\u2019une client\u00e8le professionnelle haut de gamme font de chaque \u00e9v\u00e8nement un projet ambitieux; une pr\u00e9paration minutieuse est essentielle pour garantir un d\u00e9roulement fluide et conforme aux attentes de nos clients.<\/span><\/p>\n<p>[\/et_pb_text][et_pb_text _builder_version=\u00a0\u00bb4.27.5&Prime; _module_preset=\u00a0\u00bbdefault\u00a0\u00bb header_2_font=\u00a0\u00bb|||on|||||\u00a0\u00bb custom_margin=\u00a0\u00bb||15px||false|false\u00a0\u00bb custom_padding=\u00a0\u00bb||||false|false\u00a0\u00bb hover_enabled=\u00a0\u00bb0&Prime; header_2_font_size_tablet=\u00a0\u00bb24px\u00a0\u00bb header_2_font_size_phone=\u00a0\u00bb20px\u00a0\u00bb header_2_font_size_last_edited=\u00a0\u00bbon|tablet\u00a0\u00bb global_colors_info=\u00a0\u00bb{}\u00a0\u00bb theme_builder_area=\u00a0\u00bbpost_content\u00a0\u00bb sticky_enabled=\u00a0\u00bb0&Prime;]<\/p>\n<h2 data-start=\"1287\" data-end=\"1621\"><span class=\"ez-toc-section\" id=\"Une_organisation_devenements_fondee_sur_lexperience\"><\/span>Une organisation d&rsquo;\u00e9v\u00e8nements fond\u00e9e sur l\u2019exp\u00e9rience<span class=\"ez-toc-section-end\"><\/span><\/h2>\n<p>[\/et_pb_text][et_pb_text _builder_version=\u00a0\u00bb4.27.5&Prime; _module_preset=\u00a0\u00bbdefault\u00a0\u00bb header_2_font=\u00a0\u00bb|||on|||||\u00a0\u00bb custom_margin=\u00a0\u00bb||||false|false\u00a0\u00bb custom_padding=\u00a0\u00bb||||false|false\u00a0\u00bb hover_enabled=\u00a0\u00bb0&Prime; global_colors_info=\u00a0\u00bb{}\u00a0\u00bb theme_builder_area=\u00a0\u00bbpost_content\u00a0\u00bb sticky_enabled=\u00a0\u00bb0&Prime;]<\/p>\n<p data-start=\"1679\" data-end=\"1973\">Nous savons qu\u2019une organisation d\u2019\u00e9v\u00e8nement r\u00e9ussie repose avant tout sur la m\u00e9thode, l\u2019anticipation et la coordination. Chaque projet men\u00e9 \u00e0 Monaco n\u00e9cessite une gestion pr\u00e9cise des d\u00e9lais, une s\u00e9lection rigoureuse des lieux et une collaboration efficace avec des partenaires locaux qualifi\u00e9s.<\/p>\n<p data-start=\"1975\" data-end=\"2262\">Faire appel \u00e0 une agence exp\u00e9riment\u00e9e permet d\u2019assurer la coh\u00e9rence de l\u2019\u00e9v\u00e8nement, qu\u2019il s\u2019agisse d\u2019une conf\u00e9rence, d\u2019un lancement de produit ou d\u2019un \u00e9v\u00e8nement corporate. Cette expertise garantit un cadre professionnel, structur\u00e9 et respectueux des contraintes propres \u00e0 la Principaut\u00e9.<\/p>\n<p>[\/et_pb_text][\/et_pb_column][\/et_pb_row][et_pb_row _builder_version=\u00a0\u00bb4.27.5&Prime; _module_preset=\u00a0\u00bbdefault\u00a0\u00bb width=\u00a0\u00bb90%\u00a0\u00bb max_width_tablet=\u00a0\u00bb\u00a0\u00bb max_width_phone=\u00a0\u00bb100%\u00a0\u00bb max_width_last_edited=\u00a0\u00bbon|phone\u00a0\u00bb hover_enabled=\u00a0\u00bb0&Prime; global_colors_info=\u00a0\u00bb{}\u00a0\u00bb theme_builder_area=\u00a0\u00bbpost_content\u00a0\u00bb max_width=\u00a0\u00bb100%\u00a0\u00bb sticky_enabled=\u00a0\u00bb0&Prime;][et_pb_column type=\u00a0\u00bb4_4&Prime; _builder_version=\u00a0\u00bb4.27.5&Prime; _module_preset=\u00a0\u00bbdefault\u00a0\u00bb global_colors_info=\u00a0\u00bb{}\u00a0\u00bb theme_builder_area=\u00a0\u00bbpost_content\u00a0\u00bb][et_pb_image src=\u00a0\u00bbhttps:\/\/events-byjs.com\/wp-content\/uploads\/2026\/02\/Organisation-evenementielle-du-Grand-Prix-de-formule-1.jpg\u00a0\u00bb alt=\u00a0\u00bbOrganisation \u00e9v\u00e8nementielle du Grand Prix de formule 1&Prime; title_text=\u00a0\u00bbOrganisation-\u00e9v\u00e8nementielle-du-Grand-Prix-de-formule-1&Prime; _builder_version=\u00a0\u00bb4.27.5&Prime; _module_preset=\u00a0\u00bbdefault\u00a0\u00bb custom_margin=\u00a0\u00bb||30px||false|false\u00a0\u00bb hover_enabled=\u00a0\u00bb0&Prime; global_colors_info=\u00a0\u00bb{}\u00a0\u00bb theme_builder_area=\u00a0\u00bbpost_content\u00a0\u00bb sticky_enabled=\u00a0\u00bb0&Prime;][\/et_pb_image][\/et_pb_column][\/et_pb_row][et_pb_row _builder_version=\u00a0\u00bb4.27.5&Prime; _module_preset=\u00a0\u00bbdefault\u00a0\u00bb theme_builder_area=\u00a0\u00bbpost_content\u00a0\u00bb column_structure=\u00a0\u00bb1_2,1_2&Prime; max_width=\u00a0\u00bb100%\u00a0\u00bb width=\u00a0\u00bb90%\u00a0\u00bb hover_enabled=\u00a0\u00bb0&Prime; sticky_enabled=\u00a0\u00bb0&Prime; border_width_top=\u00a0\u00bb1px\u00a0\u00bb border_width_bottom=\u00a0\u00bb1px\u00a0\u00bb make_equal=\u00a0\u00bbon\u00a0\u00bb][et_pb_column _builder_version=\u00a0\u00bb4.27.5&Prime; _module_preset=\u00a0\u00bbdefault\u00a0\u00bb type=\u00a0\u00bb1_2&Prime; theme_builder_area=\u00a0\u00bbpost_content\u00a0\u00bb][et_pb_text _builder_version=\u00a0\u00bb4.27.5&Prime; _module_preset=\u00a0\u00bbdefault\u00a0\u00bb header_2_font=\u00a0\u00bb|||on|||||\u00a0\u00bb custom_margin=\u00a0\u00bb||15px||false|false\u00a0\u00bb hover_enabled=\u00a0\u00bb0&Prime; header_2_font_size_tablet=\u00a0\u00bb24px\u00a0\u00bb header_2_font_size_phone=\u00a0\u00bb20px\u00a0\u00bb header_2_font_size_last_edited=\u00a0\u00bbon|phone\u00a0\u00bb global_colors_info=\u00a0\u00bb{}\u00a0\u00bb theme_builder_area=\u00a0\u00bbpost_content\u00a0\u00bb sticky_enabled=\u00a0\u00bb0&Prime;]<\/p>\n<h2><span class=\"ez-toc-section\" id=\"Events_by_JS_lexpertise_evenementielle_a_Monaco\"><\/span>Events by JS, l\u2019expertise \u00e9v\u00e9nementielle \u00e0 Monaco<span class=\"ez-toc-section-end\"><\/span><\/h2>\n<p>[\/et_pb_text][et_pb_text _builder_version=\u00a0\u00bb4.27.5&Prime; _module_preset=\u00a0\u00bbdefault\u00a0\u00bb header_2_font=\u00a0\u00bb|||on|||||\u00a0\u00bb custom_margin=\u00a0\u00bb||40px||false|false\u00a0\u00bb global_colors_info=\u00a0\u00bb{}\u00a0\u00bb theme_builder_area=\u00a0\u00bbpost_content\u00a0\u00bb]<\/p>\n<p data-start=\"2346\" data-end=\"2682\"><span style=\"font-weight: 400;\">Events by JS accompagne les entreprises et les institutions dans leurs projets d\u2019organisation \u00e9v\u00e8nementielle \u00e0 Monaco, en proposant des solutions adapt\u00e9es \u00e0 chaque besoin. Notre agence intervient sur des \u00e9v\u00e9nements de formats vari\u00e9s, dans tous les secteurs d\u2019activit\u00e9, avec une approche centr\u00e9e sur la pr\u00e9cision et la fiabilit\u00e9.<\/span><\/p>\n<p><span style=\"font-weight: 400;\">Nous privil\u00e9gions une relation de confiance avec nos clients, bas\u00e9e sur l\u2019\u00e9coute et la compr\u00e9hension de leurs objectifs. De la conception \u00e0 la coordination op\u00e9rationnelle, nous assurons un suivi constant afin de garantir le bon d\u00e9roulement de l\u2019\u00e9v\u00e9nement.<\/span><\/p>\n<p>[\/et_pb_text][et_pb_text _builder_version=\u00a0\u00bb4.27.5&Prime; _module_preset=\u00a0\u00bbdefault\u00a0\u00bb header_2_font=\u00a0\u00bb|||on|||||\u00a0\u00bb custom_margin=\u00a0\u00bb||15px||false|false\u00a0\u00bb header_2_font_size_tablet=\u00a0\u00bb24px\u00a0\u00bb header_2_font_size_phone=\u00a0\u00bb20px\u00a0\u00bb header_2_font_size_last_edited=\u00a0\u00bbon|phone\u00a0\u00bb global_colors_info=\u00a0\u00bb{}\u00a0\u00bb theme_builder_area=\u00a0\u00bbpost_content\u00a0\u00bb]<\/p>\n<h2><span class=\"ez-toc-section\" id=\"Evenements_professionnels_a_Monaco_sur_mesure\"><\/span>\u00c9v\u00e9nements professionnels \u00e0 Monaco, sur mesure<span class=\"ez-toc-section-end\"><\/span><\/h2>\n<p>[\/et_pb_text][et_pb_text _builder_version=\u00a0\u00bb4.27.5&Prime; _module_preset=\u00a0\u00bbdefault\u00a0\u00bb header_2_font=\u00a0\u00bb|||on|||||\u00a0\u00bb custom_margin=\u00a0\u00bb||40px||false|false\u00a0\u00bb global_colors_info=\u00a0\u00bb{}\u00a0\u00bb theme_builder_area=\u00a0\u00bbpost_content\u00a0\u00bb]<\/p>\n<p data-start=\"3019\" data-end=\"3271\">Nous concevons chaque projet \u00e9v\u00e8nementiel comme une mission sp\u00e9cifique. Analyse des besoins, d\u00e9finition du format, s\u00e9lection des prestataires, gestion technique et logistique : chaque \u00e9tape est pens\u00e9e pour r\u00e9pondre aux exigences du contexte mon\u00e9gasque.<\/p>\n<p>[\/et_pb_text][et_pb_text _builder_version=\u00a0\u00bb4.27.5&Prime; _module_preset=\u00a0\u00bbdefault\u00a0\u00bb header_2_font=\u00a0\u00bb|||on|||||\u00a0\u00bb custom_margin=\u00a0\u00bb||15px||false|false\u00a0\u00bb header_2_font_size_tablet=\u00a0\u00bb24px\u00a0\u00bb header_2_font_size_phone=\u00a0\u00bb20px\u00a0\u00bb header_2_font_size_last_edited=\u00a0\u00bbon|phone\u00a0\u00bb global_colors_info=\u00a0\u00bb{}\u00a0\u00bb theme_builder_area=\u00a0\u00bbpost_content\u00a0\u00bb]<\/p>\n<h2><span class=\"ez-toc-section\" id=\"Une_Agence_evenementielle_experimentee_a_votre_service\"><\/span>Une Agence \u00e9v\u00e9nementielle exp\u00e9riment\u00e9e \u00e0 votre service<span class=\"ez-toc-section-end\"><\/span><\/h2>\n<p>[\/et_pb_text][et_pb_text _builder_version=\u00a0\u00bb4.27.5&Prime; _module_preset=\u00a0\u00bbdefault\u00a0\u00bb header_2_font=\u00a0\u00bb|||on|||||\u00a0\u00bb header_2_font_size_tablet=\u00a0\u00bb24px\u00a0\u00bb header_2_font_size_phone=\u00a0\u00bb20px\u00a0\u00bb header_2_font_size_last_edited=\u00a0\u00bbon|phone\u00a0\u00bb global_colors_info=\u00a0\u00bb{}\u00a0\u00bb theme_builder_area=\u00a0\u00bbpost_content\u00a0\u00bb]<\/p>\n<p data-start=\"3614\" data-end=\"3841\">Choisir <strong data-start=\"3622\" data-end=\"3638\">Events by JS<\/strong> pour votre <strong data-start=\"3650\" data-end=\"3690\">organisation \u00e9v\u00e8nementielle \u00e0 Monaco<\/strong>, c\u2019est s\u2019appuyer sur une agence capable d\u2019intervenir dans un environnement exigeant, tout en garantissant professionnalisme, discr\u00e9tion et efficacit\u00e9.<\/p>\n<p data-start=\"3843\" data-end=\"4058\">Pour \u00e9changer sur votre projet et envisager une organisation adapt\u00e9e \u00e0 vos objectifs, nous vous invitons \u00e0 <a href=\"https:\/\/events-byjs.com\/contactez-agence-evenementielle-a-cannes\/\">nous contacter<\/a>.<\/p>\n<p data-start=\"3843\" data-end=\"4058\">Nous sommes \u00e0 votre disposition pour vous accompagner dans la conception et la r\u00e9alisation de vos \u00e9v\u00e9nements professionnels \u00e0 Monaco.<\/p>\n<p>[\/et_pb_text][\/et_pb_column][et_pb_column _builder_version=\u00a0\u00bb4.27.5&Prime; _module_preset=\u00a0\u00bbdefault\u00a0\u00bb type=\u00a0\u00bb1_2&Prime; theme_builder_area=\u00a0\u00bbpost_content\u00a0\u00bb hover_enabled=\u00a0\u00bb0&Prime; sticky_enabled=\u00a0\u00bb0&Prime; alt=\u00a0\u00bbOrganisation d\u00e9v\u00e8nement professionnel \u00e0 Monaco\u00a0\u00bb title_text=\u00a0\u00bbOrganisation-d\u00e9v\u00e8nement-professionel-\u00e0-Monaco\u00a0\u00bb background_image=\u00a0\u00bbhttps:\/\/events-byjs.com\/wp-content\/uploads\/2026\/02\/Organisation-devenement-professionel-a-Monaco.jpg\u00a0\u00bb custom_padding=\u00a0\u00bb200px||200px||true|false\u00a0\u00bb][et_pb_text _builder_version=\u00a0\u00bb4.27.5&Prime; _module_preset=\u00a0\u00bbdefault\u00a0\u00bb theme_builder_area=\u00a0\u00bbpost_content\u00a0\u00bb hover_enabled=\u00a0\u00bb0&Prime; sticky_enabled=\u00a0\u00bb0&Prime;]<\/p>\n<p>&nbsp;<\/p>\n<p>&nbsp;<\/p>\n<p>&nbsp;<\/p>\n<p>[\/et_pb_text][\/et_pb_column][\/et_pb_row][\/et_pb_section]<\/p>\n","protected":false},"excerpt":{"rendered":"<p>&nbsp; &nbsp; &nbsp;Principaut\u00e9 reconnue pour son dynamisme \u00e9conomique et institutionnel, Monaco accueille de nombreux \u00e9v\u00e8nements professionnels, n\u00e9cessitant une organisation rigoureuse, discr\u00e8te et parfaitement structur\u00e9e. Concevoir un \u00e9v\u00e8nement \u00e0 Monaco implique une compr\u00e9hension pr\u00e9cise des attentes, des contraintes locales et des standards de qualit\u00e9 de ce territoire exigeant o\u00f9 chaque d\u00e9tail compte.Monaco, l&rsquo;\u00e9v\u00e8nementiel de luxeL\u2019organisation \u00e9v\u00e8nementielle \u00e0 Monaco s\u2019inscrit dans un contexte particulier, o\u00f9 les normes logistiques, les autorisations et la coordination des prestataires demandent une expertise confirm\u00e9e. La Principaut\u00e9 dispose de lieux embl\u00e9matiques et de structures adapt\u00e9es aux conf\u00e9rences, s\u00e9minaires, r\u00e9unions d\u2019affaires et \u00e9v\u00e8nements professionnels \u00e0 forte valeur ajout\u00e9e. La localisation internationale de Monaco, sa proximit\u00e9 avec Nice et son attractivit\u00e9 aupr\u00e8s d\u2019une client\u00e8le professionnelle haut de gamme font de chaque \u00e9v\u00e8nement un projet ambitieux; une pr\u00e9paration minutieuse est essentielle pour garantir un d\u00e9roulement fluide et conforme aux attentes de nos clients.Une organisation d&rsquo;\u00e9v\u00e8nements fond\u00e9e sur l\u2019exp\u00e9rienceNous savons qu\u2019une organisation d\u2019\u00e9v\u00e8nement r\u00e9ussie repose avant tout sur la m\u00e9thode, l\u2019anticipation et la coordination. Chaque projet men\u00e9 \u00e0 Monaco n\u00e9cessite une gestion pr\u00e9cise des d\u00e9lais, une s\u00e9lection rigoureuse des lieux et une collaboration efficace avec des partenaires locaux qualifi\u00e9s. Faire appel \u00e0 une agence exp\u00e9riment\u00e9e permet d\u2019assurer la coh\u00e9rence de l\u2019\u00e9v\u00e8nement, qu\u2019il [&hellip;]<\/p>\n","protected":false},"author":1,"featured_media":74383,"comment_status":"closed","ping_status":"closed","sticky":false,"template":"","format":"standard","meta":{"_et_pb_use_builder":"on","_et_pb_old_content":"","_et_gb_content_width":"","_monsterinsights_skip_tracking":false,"_monsterinsights_sitenote_active":false,"_monsterinsights_sitenote_note":"","_monsterinsights_sitenote_category":0,"footnotes":""},"categories":[14],"tags":[],"class_list":["post-72149","post","type-post","status-publish","format-standard","has-post-thumbnail","hentry","category-actualites"],"_links":{"self":[{"href":"https:\/\/events-byjs.com\/fr\/wp-json\/wp\/v2\/posts\/72149","targetHints":{"allow":["GET"]}}],"collection":[{"href":"https:\/\/events-byjs.com\/fr\/wp-json\/wp\/v2\/posts"}],"about":[{"href":"https:\/\/events-byjs.com\/fr\/wp-json\/wp\/v2\/types\/post"}],"author":[{"embeddable":true,"href":"https:\/\/events-byjs.com\/fr\/wp-json\/wp\/v2\/users\/1"}],"replies":[{"embeddable":true,"href":"https:\/\/events-byjs.com\/fr\/wp-json\/wp\/v2\/comments?post=72149"}],"version-history":[{"count":42,"href":"https:\/\/events-byjs.com\/fr\/wp-json\/wp\/v2\/posts\/72149\/revisions"}],"predecessor-version":[{"id":74720,"href":"https:\/\/events-byjs.com\/fr\/wp-json\/wp\/v2\/posts\/72149\/revisions\/74720"}],"wp:featuredmedia":[{"embeddable":true,"href":"https:\/\/events-byjs.com\/fr\/wp-json\/wp\/v2\/media\/74383"}],"wp:attachment":[{"href":"https:\/\/events-byjs.com\/fr\/wp-json\/wp\/v2\/media?parent=72149"}],"wp:term":[{"taxonomy":"category","embeddable":true,"href":"https:\/\/events-byjs.com\/fr\/wp-json\/wp\/v2\/categories?post=72149"},{"taxonomy":"post_tag","embeddable":true,"href":"https:\/\/events-byjs.com\/fr\/wp-json\/wp\/v2\/tags?post=72149"}],"curies":[{"name":"wp","href":"https:\/\/api.w.org\/{rel}","templated":true}]}}