{"id":72127,"date":"2025-12-15T10:14:05","date_gmt":"2025-12-15T10:14:05","guid":{"rendered":"https:\/\/events-byjs.fr\/?p=72127"},"modified":"2026-02-19T12:13:05","modified_gmt":"2026-02-19T12:13:05","slug":"congres-internationaux-a-cannes","status":"publish","type":"post","link":"https:\/\/events-byjs.com\/fr\/congres-internationaux-a-cannes\/","title":{"rendered":"Congr\u00e8s internationaux \u00e0 Cannes"},"content":{"rendered":"<p>[et_pb_section fb_built=\u00a0\u00bb1&Prime; _builder_version=\u00a0\u00bb4.27.5&Prime; _module_preset=\u00a0\u00bbdefault\u00a0\u00bb global_colors_info=\u00a0\u00bb{}\u00a0\u00bb theme_builder_area=\u00a0\u00bbpost_content\u00a0\u00bb][et_pb_row _builder_version=\u00a0\u00bb4.27.5&Prime; _module_preset=\u00a0\u00bbdefault\u00a0\u00bb theme_builder_area=\u00a0\u00bbpost_content\u00a0\u00bb column_structure=\u00a0\u00bb1_2,1_2&Prime; max_width=\u00a0\u00bb100%\u00a0\u00bb width=\u00a0\u00bb90%\u00a0\u00bb hover_enabled=\u00a0\u00bb0&Prime; sticky_enabled=\u00a0\u00bb0&Prime; make_equal=\u00a0\u00bbon\u00a0\u00bb][et_pb_column _builder_version=\u00a0\u00bb4.27.5&Prime; _module_preset=\u00a0\u00bbdefault\u00a0\u00bb type=\u00a0\u00bb1_2&Prime; theme_builder_area=\u00a0\u00bbpost_content\u00a0\u00bb alt=\u00a0\u00bbCongr\u00e8s internationaux \u00e0 Cannes\u00a0\u00bb title_text=\u00a0\u00bbCongr\u00e8s-internationaux-\u00e0-Cannes\u00a0\u00bb background_image=\u00a0\u00bbhttps:\/\/events-byjs.com\/wp-content\/uploads\/2026\/02\/Congres-internationaux-a-Cannes.jpg\u00a0\u00bb hover_enabled=\u00a0\u00bb0&Prime; sticky_enabled=\u00a0\u00bb0&Prime; custom_padding=\u00a0\u00bb200px||200px||true|false\u00a0\u00bb][et_pb_text _builder_version=\u00a0\u00bb4.27.5&Prime; _module_preset=\u00a0\u00bbdefault\u00a0\u00bb theme_builder_area=\u00a0\u00bbpost_content\u00a0\u00bb hover_enabled=\u00a0\u00bb0&Prime; sticky_enabled=\u00a0\u00bb0&Prime;]<\/p>\n<p>&nbsp;<\/p>\n<p>&nbsp;<\/p>\n<p>&nbsp;<\/p>\n<p>[\/et_pb_text][\/et_pb_column][et_pb_column _builder_version=\u00a0\u00bb4.27.5&Prime; _module_preset=\u00a0\u00bbdefault\u00a0\u00bb type=\u00a0\u00bb1_2&Prime; theme_builder_area=\u00a0\u00bbpost_content\u00a0\u00bb][et_pb_text _builder_version=\u00a0\u00bb4.27.5&Prime; _module_preset=\u00a0\u00bbdefault\u00a0\u00bb header_2_font=\u00a0\u00bb|||on|||||\u00a0\u00bb custom_margin=\u00a0\u00bb||40px||false|false\u00a0\u00bb global_colors_info=\u00a0\u00bb{}\u00a0\u00bb theme_builder_area=\u00a0\u00bbpost_content\u00a0\u00bb]<\/p>\n<p data-start=\"282\" data-end=\"704\">Nous accompagnons de nombreuses entreprises dans l\u2019organisation de leur \u00e9v\u00e8nement pendant les <a href=\"https:\/\/www.palaisdesfestivals.com\/agenda\/professionnel\/\" target=\"_blank\" rel=\"noopener\"><strong data-start=\"349\" data-end=\"369\">congr\u00e8s \u00e0 Cannes<\/strong><\/a>, \u00e9lue meilleure destination au monde pour les festivals et les \u00e9v\u00e8nements pour la 3\u00e8me ann\u00e9e cons\u00e9cutive. Gr\u00e2ce \u00e0 ses infrastructures modernes, \u00e0 son accessibilit\u00e9 et \u00e0 son cadre de travail structurant, Cannes offre des conditions id\u00e9ales pour accueillir des congr\u00e8s, conf\u00e9rences et rencontres professionnelles, quel que soit le secteur d\u2019activit\u00e9.<\/p>\n<p data-start=\"706\" data-end=\"896\">Organiser des \u00e9v\u00e8nements lors des congr\u00e8s permet un rayonnement international. Cette ville permet de r\u00e9unir les participants dans un environnement propice aux \u00e9changes, \u00e0 la r\u00e9flexion et au d\u00e9veloppement de relations professionnelles durables.<\/p>\n<p>[\/et_pb_text][et_pb_text _builder_version=\u00a0\u00bb4.27.5&Prime; _module_preset=\u00a0\u00bbdefault\u00a0\u00bb header_2_font=\u00a0\u00bb|||on|||||\u00a0\u00bb custom_margin=\u00a0\u00bb||15px||false|false\u00a0\u00bb header_2_font_size_tablet=\u00a0\u00bb24px\u00a0\u00bb header_2_font_size_phone=\u00a0\u00bb20px\u00a0\u00bb header_2_font_size_last_edited=\u00a0\u00bbon|tablet\u00a0\u00bb global_colors_info=\u00a0\u00bb{}\u00a0\u00bb theme_builder_area=\u00a0\u00bbpost_content\u00a0\u00bb]<\/p>\n<div id=\"ez-toc-container\" class=\"ez-toc-v2_0_82_2 counter-hierarchy ez-toc-counter ez-toc-grey ez-toc-container-direction\">\n<div class=\"ez-toc-title-container\">\n<p class=\"ez-toc-title\" style=\"cursor:inherit\">Table of Contents<\/p>\n<span class=\"ez-toc-title-toggle\"><a href=\"#\" class=\"ez-toc-pull-right ez-toc-btn ez-toc-btn-xs ez-toc-btn-default ez-toc-toggle\" aria-label=\"Toggle Table of Content\"><span class=\"ez-toc-js-icon-con\"><span class=\"\"><span class=\"eztoc-hide\" style=\"display:none;\">Toggle<\/span><span class=\"ez-toc-icon-toggle-span\"><svg style=\"fill: #999;color:#999\" xmlns=\"http:\/\/www.w3.org\/2000\/svg\" class=\"list-377408\" width=\"20px\" height=\"20px\" viewBox=\"0 0 24 24\" fill=\"none\"><path d=\"M6 6H4v2h2V6zm14 0H8v2h12V6zM4 11h2v2H4v-2zm16 0H8v2h12v-2zM4 16h2v2H4v-2zm16 0H8v2h12v-2z\" fill=\"currentColor\"><\/path><\/svg><svg style=\"fill: #999;color:#999\" class=\"arrow-unsorted-368013\" xmlns=\"http:\/\/www.w3.org\/2000\/svg\" width=\"10px\" height=\"10px\" viewBox=\"0 0 24 24\" version=\"1.2\" baseProfile=\"tiny\"><path d=\"M18.2 9.3l-6.2-6.3-6.2 6.3c-.2.2-.3.4-.3.7s.1.5.3.7c.2.2.4.3.7.3h11c.3 0 .5-.1.7-.3.2-.2.3-.5.3-.7s-.1-.5-.3-.7zM5.8 14.7l6.2 6.3 6.2-6.3c.2-.2.3-.5.3-.7s-.1-.5-.3-.7c-.2-.2-.4-.3-.7-.3h-11c-.3 0-.5.1-.7.3-.2.2-.3.5-.3.7s.1.5.3.7z\"\/><\/svg><\/span><\/span><\/span><\/a><\/span><\/div>\n<nav><ul class='ez-toc-list ez-toc-list-level-1 ' ><li class='ez-toc-page-1 ez-toc-heading-level-2'><a class=\"ez-toc-link ez-toc-heading-1\" href=\"https:\/\/events-byjs.com\/fr\/congres-internationaux-a-cannes\/#Pourquoi_organiser_un_evenement_lors_des_congres_a_Cannes\" >Pourquoi organiser un \u00e9v\u00e8nement lors des congr\u00e8s \u00e0 Cannes ?<\/a><\/li><li class='ez-toc-page-1 ez-toc-heading-level-2'><a class=\"ez-toc-link ez-toc-heading-2\" href=\"https:\/\/events-byjs.com\/fr\/congres-internationaux-a-cannes\/#Une_organisation_devenements_qui_exige_rigueur_et_expertise\" >Une organisation d&rsquo;\u00e9v\u00e8nements qui exige rigueur et expertise<\/a><\/li><li class='ez-toc-page-1 ez-toc-heading-level-2'><a class=\"ez-toc-link ez-toc-heading-3\" href=\"https:\/\/events-byjs.com\/fr\/congres-internationaux-a-cannes\/#Events_by_JS_votre_agence_evenementielle_a_Cannes\" >Events by JS, votre agence \u00e9v\u00e8nementielle \u00e0 Cannes<\/a><\/li><li class='ez-toc-page-1 ez-toc-heading-level-2'><a class=\"ez-toc-link ez-toc-heading-4\" href=\"https:\/\/events-byjs.com\/fr\/congres-internationaux-a-cannes\/#Un_accompagnement_sur_mesure_pour_vos_evenements\" >Un accompagnement sur mesure pour vos \u00e9v\u00e8nements<\/a><\/li><li class='ez-toc-page-1 ez-toc-heading-level-2'><a class=\"ez-toc-link ez-toc-heading-5\" href=\"https:\/\/events-byjs.com\/fr\/congres-internationaux-a-cannes\/#Confier_votre_projet_a_une_agence_locale\" >Confier votre projet \u00e0 une agence locale<\/a><\/li><\/ul><\/nav><\/div>\n<h2 data-start=\"706\" data-end=\"896\"><span class=\"ez-toc-section\" id=\"Pourquoi_organiser_un_evenement_lors_des_congres_a_Cannes\"><\/span>Pourquoi organiser un \u00e9v\u00e8nement lors des congr\u00e8s \u00e0 Cannes ?<span class=\"ez-toc-section-end\"><\/span><\/h2>\n<p>[\/et_pb_text][et_pb_text _builder_version=\u00a0\u00bb4.27.5&Prime; _module_preset=\u00a0\u00bbdefault\u00a0\u00bb header_2_font=\u00a0\u00bb|||on|||||\u00a0\u00bb custom_margin=\u00a0\u00bb||40px||false|false\u00a0\u00bb global_colors_info=\u00a0\u00bb{}\u00a0\u00bb theme_builder_area=\u00a0\u00bbpost_content\u00a0\u00bb]<\/p>\n<p data-start=\"944\" data-end=\"1285\">Cannes dispose d\u2019\u00e9quipements reconnus pour l\u2019accueil de congr\u00e8s et de <strong data-start=\"1014\" data-end=\"1029\">conf\u00e9rences<\/strong> professionnelles. Le Palais des Festivals et des Congr\u00e8s, les h\u00f4tels dot\u00e9s de salles de r\u00e9union et les lieux \u00e9v\u00e8nementiels sp\u00e9cialis\u00e9s permettent d\u2019imaginer des formats vari\u00e9s, adapt\u00e9s aussi bien aux congr\u00e8s institutionnels qu\u2019aux \u00e9v\u00e8nements d\u2019entreprise tout au long de l&rsquo;ann\u00e9e.<\/p>\n<p data-start=\"1287\" data-end=\"1621\"><span style=\"font-weight: 400;\">L\u2019accessibilit\u00e9 de la ville constitue un atout suppl\u00e9mentaire. Reli\u00e9e aux principaux axes de transport, \u00e0 l\u2019a\u00e9roport international de Nice et ses 2 a\u00e9rodromes, Cannes facilite la venue de participants nationaux et internationaux. La capacit\u00e9 h\u00f4teli\u00e8re et la qualit\u00e9 des services haut de gamme sur place contribuent \u00e0 une organisation d\u2019\u00e9v\u00e8nements fluide et ma\u00eetris\u00e9e.<\/span><\/p>\n<p>[\/et_pb_text][et_pb_text _builder_version=\u00a0\u00bb4.27.5&Prime; _module_preset=\u00a0\u00bbdefault\u00a0\u00bb header_2_font=\u00a0\u00bb|||on|||||\u00a0\u00bb custom_margin=\u00a0\u00bb||15px||false|false\u00a0\u00bb header_2_font_size_tablet=\u00a0\u00bb24px\u00a0\u00bb header_2_font_size_phone=\u00a0\u00bb20px\u00a0\u00bb header_2_font_size_last_edited=\u00a0\u00bbon|tablet\u00a0\u00bb global_colors_info=\u00a0\u00bb{}\u00a0\u00bb theme_builder_area=\u00a0\u00bbpost_content\u00a0\u00bb]<\/p>\n<h2 data-start=\"1287\" data-end=\"1621\"><span class=\"ez-toc-section\" id=\"Une_organisation_devenements_qui_exige_rigueur_et_expertise\"><\/span>Une organisation d&rsquo;\u00e9v\u00e8nements qui exige rigueur et expertise<span class=\"ez-toc-section-end\"><\/span><\/h2>\n<p>[\/et_pb_text][et_pb_text _builder_version=\u00a0\u00bb4.27.5&Prime; _module_preset=\u00a0\u00bbdefault\u00a0\u00bb header_2_font=\u00a0\u00bb|||on|||||\u00a0\u00bb hover_enabled=\u00a0\u00bb0&Prime; global_colors_info=\u00a0\u00bb{}\u00a0\u00bb theme_builder_area=\u00a0\u00bbpost_content\u00a0\u00bb sticky_enabled=\u00a0\u00bb0&Prime;]<\/p>\n<p data-start=\"1688\" data-end=\"1984\">La r\u00e9ussite de vos \u00e9v\u00e8nements repose sur<strong> l&rsquo;organisation d\u2019\u00e9v\u00e8nement<\/strong> pr\u00e9cise et structur\u00e9e. Nous savons qu\u2019un \u00e9v\u00e8nement professionnel implique de nombreux param\u00e8tres : coordination des prestataires, gestion technique, accueil des intervenants, respect du programme et exp\u00e9rience des participants.<\/p>\n<p data-start=\"1986\" data-end=\"2302\">Pour anticiper les contraintes, optimiser les d\u00e9lais et garantir un d\u00e9roulement sans impr\u00e9vus, avoir un alli\u00e9 sur place vous facilite la prise de d\u00e9cision et vous apportera des solutions r\u00e9alistes bas\u00e9es sur notre expertise du march\u00e9 local.<\/p>\n<p>[\/et_pb_text][\/et_pb_column][\/et_pb_row][et_pb_row _builder_version=\u00a0\u00bb4.27.5&Prime; _module_preset=\u00a0\u00bbdefault\u00a0\u00bb theme_builder_area=\u00a0\u00bbpost_content\u00a0\u00bb max_width=\u00a0\u00bb100%\u00a0\u00bb width=\u00a0\u00bb90%\u00a0\u00bb hover_enabled=\u00a0\u00bb0&Prime; sticky_enabled=\u00a0\u00bb0&Prime;][et_pb_column _builder_version=\u00a0\u00bb4.27.5&Prime; _module_preset=\u00a0\u00bbdefault\u00a0\u00bb type=\u00a0\u00bb4_4&Prime; theme_builder_area=\u00a0\u00bbpost_content\u00a0\u00bb][et_pb_image src=\u00a0\u00bbhttps:\/\/events-byjs.com\/wp-content\/uploads\/2026\/02\/Le-Palais-des-congres-a-Cannes.jpg\u00a0\u00bb alt=\u00a0\u00bbLe Palais des congr\u00e8s \u00e0 Cannes\u00a0\u00bb title_text=\u00a0\u00bbLe Palais-des-congr\u00e8s-\u00e0-Cannes\u00a0\u00bb _builder_version=\u00a0\u00bb4.27.5&Prime; _module_preset=\u00a0\u00bbdefault\u00a0\u00bb custom_margin=\u00a0\u00bb||||false|false\u00a0\u00bb hover_enabled=\u00a0\u00bb0&Prime; global_colors_info=\u00a0\u00bb{}\u00a0\u00bb theme_builder_area=\u00a0\u00bbpost_content\u00a0\u00bb sticky_enabled=\u00a0\u00bb0&Prime;][\/et_pb_image][\/et_pb_column][\/et_pb_row][et_pb_row _builder_version=\u00a0\u00bb4.27.5&Prime; _module_preset=\u00a0\u00bbdefault\u00a0\u00bb width=\u00a0\u00bb90%\u00a0\u00bb max_width_tablet=\u00a0\u00bb\u00a0\u00bb max_width_phone=\u00a0\u00bb100%\u00a0\u00bb max_width_last_edited=\u00a0\u00bbon|phone\u00a0\u00bb hover_enabled=\u00a0\u00bb0&Prime; global_colors_info=\u00a0\u00bb{}\u00a0\u00bb column_structure=\u00a0\u00bb1_2,1_2&Prime; theme_builder_area=\u00a0\u00bbpost_content\u00a0\u00bb max_width=\u00a0\u00bb100%\u00a0\u00bb sticky_enabled=\u00a0\u00bb0&Prime; border_width_top=\u00a0\u00bb1px\u00a0\u00bb border_width_bottom=\u00a0\u00bb1px\u00a0\u00bb make_equal=\u00a0\u00bbon\u00a0\u00bb][et_pb_column type=\u00a0\u00bb1_2&Prime; _builder_version=\u00a0\u00bb4.27.5&Prime; _module_preset=\u00a0\u00bbdefault\u00a0\u00bb global_colors_info=\u00a0\u00bb{}\u00a0\u00bb theme_builder_area=\u00a0\u00bbpost_content\u00a0\u00bb][et_pb_text _builder_version=\u00a0\u00bb4.27.5&Prime; _module_preset=\u00a0\u00bbdefault\u00a0\u00bb header_2_font=\u00a0\u00bb|||on|||||\u00a0\u00bb custom_margin=\u00a0\u00bb40px||15px||false|false\u00a0\u00bb header_2_font_size_tablet=\u00a0\u00bb24px\u00a0\u00bb header_2_font_size_phone=\u00a0\u00bb20px\u00a0\u00bb header_2_font_size_last_edited=\u00a0\u00bbon|phone\u00a0\u00bb global_colors_info=\u00a0\u00bb{}\u00a0\u00bb theme_builder_area=\u00a0\u00bbpost_content\u00a0\u00bb]<\/p>\n<h2><span class=\"ez-toc-section\" id=\"Events_by_JS_votre_agence_evenementielle_a_Cannes\"><\/span>Events by JS, votre agence \u00e9v\u00e8nementielle \u00e0 Cannes<span class=\"ez-toc-section-end\"><\/span><\/h2>\n<p>[\/et_pb_text][et_pb_text _builder_version=\u00a0\u00bb4.27.5&Prime; _module_preset=\u00a0\u00bbdefault\u00a0\u00bb header_2_font=\u00a0\u00bb|||on|||||\u00a0\u00bb custom_margin=\u00a0\u00bb||40px||false|false\u00a0\u00bb global_colors_info=\u00a0\u00bb{}\u00a0\u00bb theme_builder_area=\u00a0\u00bbpost_content\u00a0\u00bb]<\/p>\n<p><span style=\"font-weight: 400;\">Agence cannoise sp\u00e9cialis\u00e9e dans l\u2019\u00e9v\u00e8nementiel professionnel,<\/span><a href=\"https:\/\/events-byjs.com\/\"> <span style=\"font-weight: 400;\">Events by JS<\/span><\/a><span style=\"font-weight: 400;\"> accompagne les entreprises dans la conception d&rsquo;\u00e9v\u00e8nements vari\u00e9s lors des congr\u00e8s \u00e0 Cannes.<\/span><\/p>\n<p data-start=\"2701\" data-end=\"2972\">Notre approche repose sur l\u2019\u00e9coute, la m\u00e9thode et la coordination. Nous prenons en charge l\u2019ensemble du projet, depuis la d\u00e9finition du concept jusqu\u2019\u00e0 la gestion op\u00e9rationnelle le jour de l\u2019\u00e9v\u00e8nement, tout en veillant \u00e0 respecter l\u2019identit\u00e9 et les enjeux de nos clients.<\/p>\n<p>[\/et_pb_text][et_pb_text _builder_version=\u00a0\u00bb4.27.5&Prime; _module_preset=\u00a0\u00bbdefault\u00a0\u00bb header_2_font=\u00a0\u00bb|||on|||||\u00a0\u00bb custom_margin=\u00a0\u00bb||15px||false|false\u00a0\u00bb global_colors_info=\u00a0\u00bb{}\u00a0\u00bb theme_builder_area=\u00a0\u00bbpost_content\u00a0\u00bb]<\/p>\n<h2><span class=\"ez-toc-section\" id=\"Un_accompagnement_sur_mesure_pour_vos_evenements\"><\/span>Un accompagnement sur mesure pour vos \u00e9v\u00e8nements<span class=\"ez-toc-section-end\"><\/span><\/h2>\n<p>[\/et_pb_text][et_pb_text _builder_version=\u00a0\u00bb4.27.5&Prime; _module_preset=\u00a0\u00bbdefault\u00a0\u00bb header_2_font=\u00a0\u00bb|||on|||||\u00a0\u00bb custom_margin=\u00a0\u00bb||40px||false|false\u00a0\u00bb global_colors_info=\u00a0\u00bb{}\u00a0\u00bb theme_builder_area=\u00a0\u00bbpost_content\u00a0\u00bb]<\/p>\n<p data-start=\"3040\" data-end=\"3291\"><span style=\"font-weight: 400;\">Nous concevons chaque \u00e9v\u00e8nement lors des congr\u00e8s \u00e0 Cannes comme un projet unique. S\u00e9lection du lieu, choix des prestataires, logistique, gestion technique, accueil des participants : chaque \u00e9tape est pens\u00e9e pour assurer la coh\u00e9rence et l\u2019efficacit\u00e9 de l\u2019\u00e9v\u00e8nement.<\/span><\/p>\n<p data-start=\"3293\" data-end=\"3607\">Notre r\u00f4le est de prendre en charge l\u2019organisation et la coordination de votre \u00e9v\u00e9nement afin de vous permettre de vous concentrer pleinement sur vos clients, prospects et partenaires.<\/p>\n<p>[\/et_pb_text][et_pb_text _builder_version=\u00a0\u00bb4.27.5&Prime; _module_preset=\u00a0\u00bbdefault\u00a0\u00bb header_2_font=\u00a0\u00bb|||on|||||\u00a0\u00bb custom_margin=\u00a0\u00bb||15px||false|false\u00a0\u00bb header_2_font_size_tablet=\u00a0\u00bb24px\u00a0\u00bb header_2_font_size_phone=\u00a0\u00bb20px\u00a0\u00bb header_2_font_size_last_edited=\u00a0\u00bbon|tablet\u00a0\u00bb global_colors_info=\u00a0\u00bb{}\u00a0\u00bb theme_builder_area=\u00a0\u00bbpost_content\u00a0\u00bb]<\/p>\n<h2><span class=\"ez-toc-section\" id=\"Confier_votre_projet_a_une_agence_locale\"><\/span>Confier votre projet \u00e0 une agence locale<span class=\"ez-toc-section-end\"><\/span><\/h2>\n<p>[\/et_pb_text][et_pb_text _builder_version=\u00a0\u00bb4.27.5&Prime; _module_preset=\u00a0\u00bbdefault\u00a0\u00bb header_2_font=\u00a0\u00bb|||on|||||\u00a0\u00bb global_colors_info=\u00a0\u00bb{}\u00a0\u00bb theme_builder_area=\u00a0\u00bbpost_content\u00a0\u00bb]<\/p>\n<p><span style=\"font-weight: 400;\">En tant qu\u2019agence \u00e9v\u00e8nementielle bas\u00e9e sur Cannes depuis plus de 10 ans, nous mettons \u00e0 disposition notre expertise du territoire et notre capacit\u00e9 \u00e0 coordonner des \u00e9v\u00e8nements professionnels de toutes tailles. Cette proximit\u00e9 garantit une meilleure r\u00e9activit\u00e9, un partenariat avec les acteurs locaux et une organisation d\u2019\u00e9v\u00e8nements parfaitement ma\u00eetris\u00e9e.<\/span><\/p>\n<p data-start=\"3655\" data-end=\"3944\"><span style=\"font-weight: 400;\">Pour discuter sur votre projet de congr\u00e8s, de conf\u00e9rence ou d\u2019\u00e9v\u00e8nement professionnel, nous vous invitons \u00e0<\/span><a href=\"https:\/\/events-byjs.com\/contactez-agence-evenementielle-a-cannes\/\"> <span style=\"font-weight: 400;\">nous contacter<\/span><\/a><span style=\"font-weight: 400;\">.<\/span><\/p>\n<p><span style=\"font-weight: 400;\">Nous serons ravis de vous accompagner dans la conception et l\u2019organisation de votre prochain \u00e9v\u00e8nement \u00e0 Cannes.<\/span><\/p>\n<p>[\/et_pb_text][\/et_pb_column][et_pb_column type=\u00a0\u00bb1_2&Prime; _builder_version=\u00a0\u00bb4.27.5&Prime; _module_preset=\u00a0\u00bbdefault\u00a0\u00bb hover_enabled=\u00a0\u00bb0&Prime; global_colors_info=\u00a0\u00bb{}\u00a0\u00bb theme_builder_area=\u00a0\u00bbpost_content\u00a0\u00bb alt=\u00a0\u00bbOrganisation des Congr\u00e8s \u00e0 cannes\u00a0\u00bb title_text=\u00a0\u00bbOrganisation-des-congr\u00e8s-\u00e0-Cannes\u00a0\u00bb background_image=\u00a0\u00bbhttps:\/\/events-byjs.com\/wp-content\/uploads\/2026\/02\/Organisation-des-congres-a-Cannes.jpg\u00a0\u00bb sticky_enabled=\u00a0\u00bb0&Prime; custom_padding=\u00a0\u00bb200px||200px||true|false\u00a0\u00bb][et_pb_text _builder_version=\u00a0\u00bb4.27.5&Prime; _module_preset=\u00a0\u00bbdefault\u00a0\u00bb theme_builder_area=\u00a0\u00bbpost_content\u00a0\u00bb hover_enabled=\u00a0\u00bb0&Prime; sticky_enabled=\u00a0\u00bb0&Prime;]<\/p>\n<p>&nbsp;<\/p>\n<p>&nbsp;<\/p>\n<p>[\/et_pb_text][\/et_pb_column][\/et_pb_row][\/et_pb_section]<\/p>\n","protected":false},"excerpt":{"rendered":"<p>&nbsp; &nbsp; &nbsp;Nous accompagnons de nombreuses entreprises dans l\u2019organisation de leur \u00e9v\u00e8nement pendant les congr\u00e8s \u00e0 Cannes, \u00e9lue meilleure destination au monde pour les festivals et les \u00e9v\u00e8nements pour la 3\u00e8me ann\u00e9e cons\u00e9cutive. Gr\u00e2ce \u00e0 ses infrastructures modernes, \u00e0 son accessibilit\u00e9 et \u00e0 son cadre de travail structurant, Cannes offre des conditions id\u00e9ales pour accueillir des congr\u00e8s, conf\u00e9rences et rencontres professionnelles, quel que soit le secteur d\u2019activit\u00e9. Organiser des \u00e9v\u00e8nements lors des congr\u00e8s permet un rayonnement international. Cette ville permet de r\u00e9unir les participants dans un environnement propice aux \u00e9changes, \u00e0 la r\u00e9flexion et au d\u00e9veloppement de relations professionnelles durables.Pourquoi organiser un \u00e9v\u00e8nement lors des congr\u00e8s \u00e0 Cannes ?Cannes dispose d\u2019\u00e9quipements reconnus pour l\u2019accueil de congr\u00e8s et de conf\u00e9rences professionnelles. Le Palais des Festivals et des Congr\u00e8s, les h\u00f4tels dot\u00e9s de salles de r\u00e9union et les lieux \u00e9v\u00e8nementiels sp\u00e9cialis\u00e9s permettent d\u2019imaginer des formats vari\u00e9s, adapt\u00e9s aussi bien aux congr\u00e8s institutionnels qu\u2019aux \u00e9v\u00e8nements d\u2019entreprise tout au long de l&rsquo;ann\u00e9e. L\u2019accessibilit\u00e9 de la ville constitue un atout suppl\u00e9mentaire. Reli\u00e9e aux principaux axes de transport, \u00e0 l\u2019a\u00e9roport international de Nice et ses 2 a\u00e9rodromes, Cannes facilite la venue de participants nationaux et internationaux. La capacit\u00e9 h\u00f4teli\u00e8re et la qualit\u00e9 des services haut de [&hellip;]<\/p>\n","protected":false},"author":1,"featured_media":74371,"comment_status":"closed","ping_status":"closed","sticky":false,"template":"","format":"standard","meta":{"_et_pb_use_builder":"on","_et_pb_old_content":"","_et_gb_content_width":"","_monsterinsights_skip_tracking":false,"_monsterinsights_sitenote_active":false,"_monsterinsights_sitenote_note":"","_monsterinsights_sitenote_category":0,"footnotes":""},"categories":[14],"tags":[],"class_list":["post-72127","post","type-post","status-publish","format-standard","has-post-thumbnail","hentry","category-actualites"],"_links":{"self":[{"href":"https:\/\/events-byjs.com\/fr\/wp-json\/wp\/v2\/posts\/72127","targetHints":{"allow":["GET"]}}],"collection":[{"href":"https:\/\/events-byjs.com\/fr\/wp-json\/wp\/v2\/posts"}],"about":[{"href":"https:\/\/events-byjs.com\/fr\/wp-json\/wp\/v2\/types\/post"}],"author":[{"embeddable":true,"href":"https:\/\/events-byjs.com\/fr\/wp-json\/wp\/v2\/users\/1"}],"replies":[{"embeddable":true,"href":"https:\/\/events-byjs.com\/fr\/wp-json\/wp\/v2\/comments?post=72127"}],"version-history":[{"count":35,"href":"https:\/\/events-byjs.com\/fr\/wp-json\/wp\/v2\/posts\/72127\/revisions"}],"predecessor-version":[{"id":74730,"href":"https:\/\/events-byjs.com\/fr\/wp-json\/wp\/v2\/posts\/72127\/revisions\/74730"}],"wp:featuredmedia":[{"embeddable":true,"href":"https:\/\/events-byjs.com\/fr\/wp-json\/wp\/v2\/media\/74371"}],"wp:attachment":[{"href":"https:\/\/events-byjs.com\/fr\/wp-json\/wp\/v2\/media?parent=72127"}],"wp:term":[{"taxonomy":"category","embeddable":true,"href":"https:\/\/events-byjs.com\/fr\/wp-json\/wp\/v2\/categories?post=72127"},{"taxonomy":"post_tag","embeddable":true,"href":"https:\/\/events-byjs.com\/fr\/wp-json\/wp\/v2\/tags?post=72127"}],"curies":[{"name":"wp","href":"https:\/\/api.w.org\/{rel}","templated":true}]}}