{"id":71960,"date":"2025-12-09T15:43:24","date_gmt":"2025-12-09T15:43:24","guid":{"rendered":"https:\/\/events-byjs.fr\/?p=71960"},"modified":"2026-02-17T12:13:39","modified_gmt":"2026-02-17T12:13:39","slug":"calinos-mipcom-cannes-cote-dazur","status":"publish","type":"post","link":"https:\/\/events-byjs.com\/fr\/calinos-mipcom-cannes-cote-dazur\/","title":{"rendered":"Calinos &#8211; Lancement &#8211; MIPCOM"},"content":{"rendered":"<p>[et_pb_section fb_built=\u00a0\u00bb1&Prime; _builder_version=\u00a0\u00bb4.27.5&Prime; _module_preset=\u00a0\u00bbdefault\u00a0\u00bb background_color=\u00a0\u00bbRGBA(255,255,255,0)\u00a0\u00bb custom_padding=\u00a0\u00bb20px||||false|false\u00a0\u00bb global_colors_info=\u00a0\u00bb{}\u00a0\u00bb theme_builder_area=\u00a0\u00bbpost_content\u00a0\u00bb][et_pb_row column_structure=\u00a0\u00bb3_5,2_5&Prime; make_equal=\u00a0\u00bbon\u00a0\u00bb _builder_version=\u00a0\u00bb4.27.5&Prime; _module_preset=\u00a0\u00bbdefault\u00a0\u00bb max_width=\u00a0\u00bb100%\u00a0\u00bb custom_margin=\u00a0\u00bb||40px||false|false\u00a0\u00bb custom_margin_tablet=\u00a0\u00bb||20px||false|false\u00a0\u00bb custom_margin_phone=\u00a0\u00bb||20px||false|false\u00a0\u00bb custom_margin_last_edited=\u00a0\u00bbon|phone\u00a0\u00bb global_colors_info=\u00a0\u00bb{}\u00a0\u00bb theme_builder_area=\u00a0\u00bbpost_content\u00a0\u00bb][et_pb_column type=\u00a0\u00bb3_5&Prime; _builder_version=\u00a0\u00bb4.27.5&Prime; _module_preset=\u00a0\u00bbdefault\u00a0\u00bb custom_css_main_element=\u00a0\u00bbmargin:auto;\u00a0\u00bb global_colors_info=\u00a0\u00bb{}\u00a0\u00bb theme_builder_area=\u00a0\u00bbpost_content\u00a0\u00bb][dsm_icon_list icon_color=\u00a0\u00bb#000000&Prime; icon_font_size=\u00a0\u00bb15px\u00a0\u00bb list_space_between=\u00a0\u00bb2px\u00a0\u00bb text_indent=\u00a0\u00bb8px\u00a0\u00bb icon_font_size_tablet=\u00a0\u00bb15px\u00a0\u00bb icon_font_size_phone=\u00a0\u00bb14px\u00a0\u00bb icon_font_size_last_edited=\u00a0\u00bbon|phone\u00a0\u00bb list_vertical_alignment_tablet=\u00a0\u00bb\u00a0\u00bb list_vertical_alignment_phone=\u00a0\u00bbflex-start\u00a0\u00bb list_vertical_alignment_last_edited=\u00a0\u00bbon|phone\u00a0\u00bb text_indent_tablet=\u00a0\u00bb8px\u00a0\u00bb text_indent_phone=\u00a0\u00bb7px\u00a0\u00bb text_indent_last_edited=\u00a0\u00bbon|phone\u00a0\u00bb _builder_version=\u00a0\u00bb4.27.5&Prime; _module_preset=\u00a0\u00bbdefault\u00a0\u00bb text_font=\u00a0\u00bb||||||||\u00a0\u00bb text_text_color=\u00a0\u00bb#000000&Prime; text_font_size=\u00a0\u00bb16px\u00a0\u00bb text_font_size_tablet=\u00a0\u00bb16px\u00a0\u00bb text_font_size_phone=\u00a0\u00bb14px\u00a0\u00bb text_font_size_last_edited=\u00a0\u00bbon|phone\u00a0\u00bb global_colors_info=\u00a0\u00bb{}\u00a0\u00bb theme_builder_area=\u00a0\u00bbpost_content\u00a0\u00bb][dsm_icon_list_child text=\u00a0\u00bbTh\u00e8me : Secret Garden\u00a0\u00bb font_icon=\u00a0\u00bb&#xf044;||fa||900&Prime; _builder_version=\u00a0\u00bb4.27.5&Prime; _module_preset=\u00a0\u00bbdefault\u00a0\u00bb global_colors_info=\u00a0\u00bb{}\u00a0\u00bb theme_builder_area=\u00a0\u00bbpost_content\u00a0\u00bb][\/dsm_icon_list_child][dsm_icon_list_child text=\u00a0\u00bbOccasion : MIPCOM\u00a0\u00bb font_icon=\u00a0\u00bb&#xe033;||divi||400&Prime; _builder_version=\u00a0\u00bb4.27.5&Prime; _module_preset=\u00a0\u00bbdefault\u00a0\u00bb global_colors_info=\u00a0\u00bb{}\u00a0\u00bb theme_builder_area=\u00a0\u00bbpost_content\u00a0\u00bb][\/dsm_icon_list_child][dsm_icon_list_child text=\u00a0\u00bbClient : Calinos en partenariat avec NOW\u00a0\u00bb font_icon=\u00a0\u00bb&#xe08a;||divi||400&Prime; _builder_version=\u00a0\u00bb4.27.5&Prime; _module_preset=\u00a0\u00bbdefault\u00a0\u00bb global_colors_info=\u00a0\u00bb{}\u00a0\u00bb theme_builder_area=\u00a0\u00bbpost_content\u00a0\u00bb][\/dsm_icon_list_child][dsm_icon_list_child text=\u00a0\u00bbFormat : Lancement de leur S\u00e9rie \u00ab Hidden Garden \u00bb\u00a0\u00bb font_icon=\u00a0\u00bb&#xf065;||fa||900&Prime; icon_padding=\u00a0\u00bb1px\u00a0\u00bb _builder_version=\u00a0\u00bb4.27.5&Prime; _module_preset=\u00a0\u00bbdefault\u00a0\u00bb global_colors_info=\u00a0\u00bb{}\u00a0\u00bb theme_builder_area=\u00a0\u00bbpost_content\u00a0\u00bb][\/dsm_icon_list_child][\/dsm_icon_list][et_pb_text _builder_version=\u00a0\u00bb4.27.5&Prime; _module_preset=\u00a0\u00bbdefault\u00a0\u00bb link_font=\u00a0\u00bb|600|||||||\u00a0\u00bb link_text_color=\u00a0\u00bb#000000&Prime; custom_margin=\u00a0\u00bb||40px||false|false\u00a0\u00bb global_colors_info=\u00a0\u00bb{}\u00a0\u00bb theme_builder_area=\u00a0\u00bbpost_content\u00a0\u00bb]<\/p>\n<p><span style=\"font-weight: 400;\">Dans le cadre du MIPCOM, nous avons eu le privil\u00e8ge d\u2019organiser pour<\/span><a href=\"https:\/\/calinosentertainment.com\/\" target=\"_blank\" rel=\"noopener\"> <span style=\"font-weight: 400;\">Calinos<\/span><\/a><span style=\"font-weight: 400;\">, en partenariat avec NOW, un \u00e9v\u00e9nement professionnel \u00e0 Cannes plac\u00e9 sous le signe du myst\u00e8re : le lancement de leur nouvelle s\u00e9rie Hidden Garden, et pour le 25\u1d49 anniversaire du groupe. Ce projet illustre parfaitement notre savoir-faire dans la cr\u00e9ation d\u2019exp\u00e9riences immersives et sur-mesure.<\/span><\/p>\n<p>[\/et_pb_text][et_pb_text _builder_version=\u00a0\u00bb4.27.5&Prime; _module_preset=\u00a0\u00bbdefault\u00a0\u00bb header_2_font=\u00a0\u00bb|600||on|||||\u00a0\u00bb header_2_font_size=\u00a0\u00bb24px\u00a0\u00bb custom_margin=\u00a0\u00bb||15px||false|false\u00a0\u00bb custom_margin_tablet=\u00a0\u00bb||50px||false|false\u00a0\u00bb custom_margin_phone=\u00a0\u00bb||20px||false|false\u00a0\u00bb custom_margin_last_edited=\u00a0\u00bbon|phone\u00a0\u00bb header_2_font_size_tablet=\u00a0\u00bb22px\u00a0\u00bb header_2_font_size_phone=\u00a0\u00bb20px\u00a0\u00bb header_2_font_size_last_edited=\u00a0\u00bbon|phone\u00a0\u00bb global_colors_info=\u00a0\u00bb{}\u00a0\u00bb theme_builder_area=\u00a0\u00bbpost_content\u00a0\u00bb]<\/p>\n<div id=\"ez-toc-container\" class=\"ez-toc-v2_0_82_2 counter-hierarchy ez-toc-counter ez-toc-grey ez-toc-container-direction\">\n<div class=\"ez-toc-title-container\">\n<p class=\"ez-toc-title\" style=\"cursor:inherit\">Table of Contents<\/p>\n<span class=\"ez-toc-title-toggle\"><a href=\"#\" class=\"ez-toc-pull-right ez-toc-btn ez-toc-btn-xs ez-toc-btn-default ez-toc-toggle\" aria-label=\"Toggle Table of Content\"><span class=\"ez-toc-js-icon-con\"><span class=\"\"><span class=\"eztoc-hide\" style=\"display:none;\">Toggle<\/span><span class=\"ez-toc-icon-toggle-span\"><svg style=\"fill: #999;color:#999\" xmlns=\"http:\/\/www.w3.org\/2000\/svg\" class=\"list-377408\" width=\"20px\" height=\"20px\" viewBox=\"0 0 24 24\" fill=\"none\"><path d=\"M6 6H4v2h2V6zm14 0H8v2h12V6zM4 11h2v2H4v-2zm16 0H8v2h12v-2zM4 16h2v2H4v-2zm16 0H8v2h12v-2z\" fill=\"currentColor\"><\/path><\/svg><svg style=\"fill: #999;color:#999\" class=\"arrow-unsorted-368013\" xmlns=\"http:\/\/www.w3.org\/2000\/svg\" width=\"10px\" height=\"10px\" viewBox=\"0 0 24 24\" version=\"1.2\" baseProfile=\"tiny\"><path d=\"M18.2 9.3l-6.2-6.3-6.2 6.3c-.2.2-.3.4-.3.7s.1.5.3.7c.2.2.4.3.7.3h11c.3 0 .5-.1.7-.3.2-.2.3-.5.3-.7s-.1-.5-.3-.7zM5.8 14.7l6.2 6.3 6.2-6.3c.2-.2.3-.5.3-.7s-.1-.5-.3-.7c-.2-.2-.4-.3-.7-.3h-11c-.3 0-.5.1-.7.3-.2.2-.3.5-.3.7s.1.5.3.7z\"\/><\/svg><\/span><\/span><\/span><\/a><\/span><\/div>\n<nav><ul class='ez-toc-list ez-toc-list-level-1 ' ><li class='ez-toc-page-1 ez-toc-heading-level-2'><a class=\"ez-toc-link ez-toc-heading-1\" href=\"https:\/\/events-byjs.com\/fr\/calinos-mipcom-cannes-cote-dazur\/#Un_theme_fort_Secret_Garden\" >Un th\u00e8me fort : Secret Garden<\/a><\/li><li class='ez-toc-page-1 ez-toc-heading-level-2'><a class=\"ez-toc-link ez-toc-heading-2\" href=\"https:\/\/events-byjs.com\/fr\/calinos-mipcom-cannes-cote-dazur\/#Une_gestion_complete_du_projet\" >Une gestion compl\u00e8te du projet<\/a><\/li><li class='ez-toc-page-1 ez-toc-heading-level-2'><a class=\"ez-toc-link ez-toc-heading-3\" href=\"https:\/\/events-byjs.com\/fr\/calinos-mipcom-cannes-cote-dazur\/#Un_lancement_reussi_au_coeur_du_MIPCOM\" >Un lancement r\u00e9ussi au c\u0153ur du MIPCOM<\/a><\/li><li class='ez-toc-page-1 ez-toc-heading-level-2'><a class=\"ez-toc-link ez-toc-heading-4\" href=\"https:\/\/events-byjs.com\/fr\/calinos-mipcom-cannes-cote-dazur\/#Events_by_JS_levenementiel_a_Cannes\" >Events by JS, l\u2019\u00e9v\u00e9nementiel \u00e0 Cannes<\/a><\/li><\/ul><\/nav><\/div>\n<h2><span class=\"ez-toc-section\" id=\"Un_theme_fort_Secret_Garden\"><\/span>Un th\u00e8me fort : Secret Garden<span class=\"ez-toc-section-end\"><\/span><\/h2>\n<p>[\/et_pb_text][et_pb_text _builder_version=\u00a0\u00bb4.27.5&Prime; _module_preset=\u00a0\u00bbdefault\u00a0\u00bb header_2_font=\u00a0\u00bb|600||on|||||\u00a0\u00bb header_2_font_size=\u00a0\u00bb24px\u00a0\u00bb custom_margin_tablet=\u00a0\u00bb||50px||false|false\u00a0\u00bb custom_margin_phone=\u00a0\u00bb||20px||false|false\u00a0\u00bb custom_margin_last_edited=\u00a0\u00bbon|phone\u00a0\u00bb header_2_font_size_tablet=\u00a0\u00bb22px\u00a0\u00bb header_2_font_size_phone=\u00a0\u00bb20px\u00a0\u00bb header_2_font_size_last_edited=\u00a0\u00bbon|phone\u00a0\u00bb global_colors_info=\u00a0\u00bb{}\u00a0\u00bb theme_builder_area=\u00a0\u00bbpost_content\u00a0\u00bb]<\/p>\n<p><span style=\"font-weight: 400;\">Pour valoriser le lancement de la s\u00e9rie, nous avons imagin\u00e9 un univers inspir\u00e9 d\u2019un <strong>Secret Garden<\/strong>. Nous avons pris en charge l\u2019organisation compl\u00e8te de l\u2019\u00e9v\u00e9nement, en veillant \u00e0 chaque d\u00e9tail pour transporter les invit\u00e9s dans une ambiance captivante et festive pour <strong>le 25\u1d49 anniversaire<\/strong> de notre client.<\/span><\/p>\n<p>[\/et_pb_text][\/et_pb_column][et_pb_column type=\u00a0\u00bb2_5&Prime; _builder_version=\u00a0\u00bb4.27.5&Prime; _module_preset=\u00a0\u00bbdefault\u00a0\u00bb global_colors_info=\u00a0\u00bb{}\u00a0\u00bb theme_builder_area=\u00a0\u00bbpost_content\u00a0\u00bb][et_pb_image src=\u00a0\u00bbhttps:\/\/events-byjs.com\/wp-content\/uploads\/2026\/02\/Calinos-lancement-MIPCOM-scaled.jpg\u00a0\u00bb alt=\u00a0\u00bbCalinos lancement MIPCOM\u00a0\u00bb title_text=\u00a0\u00bbCalinos-lancement-MIPCOM\u00a0\u00bb show_in_lightbox=\u00a0\u00bbon\u00a0\u00bb force_fullwidth=\u00a0\u00bbon\u00a0\u00bb _builder_version=\u00a0\u00bb4.27.5&Prime; _module_preset=\u00a0\u00bbdefault\u00a0\u00bb global_colors_info=\u00a0\u00bb{}\u00a0\u00bb theme_builder_area=\u00a0\u00bbpost_content\u00a0\u00bb][\/et_pb_image][\/et_pb_column][\/et_pb_row][et_pb_row _builder_version=\u00a0\u00bb4.27.5&Prime; _module_preset=\u00a0\u00bbdefault\u00a0\u00bb max_width=\u00a0\u00bb100%\u00a0\u00bb global_colors_info=\u00a0\u00bb{}\u00a0\u00bb theme_builder_area=\u00a0\u00bbpost_content\u00a0\u00bb][et_pb_column type=\u00a0\u00bb4_4&Prime; _builder_version=\u00a0\u00bb4.27.5&Prime; _module_preset=\u00a0\u00bbdefault\u00a0\u00bb global_colors_info=\u00a0\u00bb{}\u00a0\u00bb theme_builder_area=\u00a0\u00bbpost_content\u00a0\u00bb][et_pb_image src=\u00a0\u00bbhttps:\/\/events-byjs.com\/wp-content\/uploads\/2026\/02\/Calinos-cocktail-dinatoire-a-Cannes-scaled.jpg\u00a0\u00bb alt=\u00a0\u00bbCalinos cocktail d\u00eenatoire \u00e0 Cannes\u00a0\u00bb title_text=\u00a0\u00bbCalinos-cocktail-d\u00eenatoire-\u00e0-Cannes\u00a0\u00bb show_in_lightbox=\u00a0\u00bbon\u00a0\u00bb force_fullwidth=\u00a0\u00bbon\u00a0\u00bb _builder_version=\u00a0\u00bb4.27.5&Prime; _module_preset=\u00a0\u00bbdefault\u00a0\u00bb global_colors_info=\u00a0\u00bb{}\u00a0\u00bb theme_builder_area=\u00a0\u00bbpost_content\u00a0\u00bb][\/et_pb_image][\/et_pb_column][\/et_pb_row][et_pb_row custom_padding_last_edited=\u00a0\u00bboff|phone\u00a0\u00bb _builder_version=\u00a0\u00bb4.27.5&Prime; _module_preset=\u00a0\u00bbdefault\u00a0\u00bb max_width=\u00a0\u00bb100%\u00a0\u00bb custom_padding=\u00a0\u00bb||10px||false|false\u00a0\u00bb custom_padding_phone=\u00a0\u00bb||0px||false|false\u00a0\u00bb global_colors_info=\u00a0\u00bb{}\u00a0\u00bb theme_builder_area=\u00a0\u00bbpost_content\u00a0\u00bb][et_pb_column type=\u00a0\u00bb4_4&Prime; _builder_version=\u00a0\u00bb4.27.5&Prime; _module_preset=\u00a0\u00bbdefault\u00a0\u00bb global_colors_info=\u00a0\u00bb{}\u00a0\u00bb theme_builder_area=\u00a0\u00bbpost_content\u00a0\u00bb][et_pb_text _builder_version=\u00a0\u00bb4.27.5&Prime; _module_preset=\u00a0\u00bbdefault\u00a0\u00bb header_2_font=\u00a0\u00bb|600||on|||||\u00a0\u00bb header_2_font_size=\u00a0\u00bb24px\u00a0\u00bb custom_margin=\u00a0\u00bb||||false|false\u00a0\u00bb header_2_font_size_tablet=\u00a0\u00bb22px\u00a0\u00bb header_2_font_size_phone=\u00a0\u00bb20px\u00a0\u00bb header_2_font_size_last_edited=\u00a0\u00bbon|phone\u00a0\u00bb global_colors_info=\u00a0\u00bb{}\u00a0\u00bb theme_builder_area=\u00a0\u00bbpost_content\u00a0\u00bb]<\/p>\n<h2><span class=\"ez-toc-section\" id=\"Une_gestion_complete_du_projet\"><\/span>Une gestion compl\u00e8te du projet<span class=\"ez-toc-section-end\"><\/span><\/h2>\n<p>[\/et_pb_text][\/et_pb_column][\/et_pb_row][et_pb_row column_structure=\u00a0\u00bb1_2,1_2&Prime; make_equal=\u00a0\u00bbon\u00a0\u00bb custom_padding_last_edited=\u00a0\u00bboff|desktop\u00a0\u00bb _builder_version=\u00a0\u00bb4.27.5&Prime; _module_preset=\u00a0\u00bbdefault\u00a0\u00bb max_width=\u00a0\u00bb100%\u00a0\u00bb custom_margin=\u00a0\u00bb||40px||false|false\u00a0\u00bb custom_padding=\u00a0\u00bb40px||40px||true|false\u00a0\u00bb custom_padding_phone=\u00a0\u00bb||0px||false|false\u00a0\u00bb hover_enabled=\u00a0\u00bb0&Prime; border_width_top=\u00a0\u00bb1px\u00a0\u00bb border_width_bottom=\u00a0\u00bb1px\u00a0\u00bb border_color_bottom=\u00a0\u00bb#000000&Prime; global_colors_info=\u00a0\u00bb{}\u00a0\u00bb theme_builder_area=\u00a0\u00bbpost_content\u00a0\u00bb sticky_enabled=\u00a0\u00bb0&Prime;][et_pb_column type=\u00a0\u00bb1_2&Prime; _builder_version=\u00a0\u00bb4.27.5&Prime; _module_preset=\u00a0\u00bbdefault\u00a0\u00bb custom_css_main_element=\u00a0\u00bbmargin:auto;\u00a0\u00bb global_colors_info=\u00a0\u00bb{}\u00a0\u00bb theme_builder_area=\u00a0\u00bbpost_content\u00a0\u00bb][et_pb_text module_class=\u00a0\u00bbliste-2-col\u00a0\u00bb _builder_version=\u00a0\u00bb4.27.5&Prime; _module_preset=\u00a0\u00bbdefault\u00a0\u00bb header_2_font=\u00a0\u00bb|600||on|||||\u00a0\u00bb custom_margin_tablet=\u00a0\u00bb||50px||false|false\u00a0\u00bb custom_margin_phone=\u00a0\u00bb||20px||false|false\u00a0\u00bb custom_margin_last_edited=\u00a0\u00bbon|phone\u00a0\u00bb global_colors_info=\u00a0\u00bb{}\u00a0\u00bb theme_builder_area=\u00a0\u00bbpost_content\u00a0\u00bb]<\/p>\n<p data-start=\"1139\" data-end=\"1267\">Afin d\u2019assurer une soir\u00e9e fluide et m\u00e9morable, nous avons coordonn\u00e9 l\u2019ensemble des aspects logistiques, techniques et cr\u00e9atifs :<\/p>\n<p>[\/et_pb_text][et_pb_text module_class=\u00a0\u00bbliste-2-col\u00a0\u00bb _builder_version=\u00a0\u00bb4.27.5&Prime; _module_preset=\u00a0\u00bbdefault\u00a0\u00bb header_2_font=\u00a0\u00bb|600||on|||||\u00a0\u00bb custom_margin=\u00a0\u00bb||5px||false|false\u00a0\u00bb custom_margin_tablet=\u00a0\u00bb||50px||false|false\u00a0\u00bb custom_margin_phone=\u00a0\u00bb||20px||false|false\u00a0\u00bb custom_margin_last_edited=\u00a0\u00bboff|desktop\u00a0\u00bb global_colors_info=\u00a0\u00bb{}\u00a0\u00bb theme_builder_area=\u00a0\u00bbpost_content\u00a0\u00bb]<\/p>\n<ul>\n<li><strong data-start=\"1271\" data-end=\"1292\">S\u00e9lection du lieu<\/strong> id\u00e9al pour accueillir l\u2019\u00e9v\u00e9nement durant le MIPCOM.<\/li>\n<\/ul>\n<p>[\/et_pb_text][et_pb_text module_class=\u00a0\u00bbliste-2-col\u00a0\u00bb _builder_version=\u00a0\u00bb4.27.5&Prime; _module_preset=\u00a0\u00bbdefault\u00a0\u00bb header_2_font=\u00a0\u00bb|600||on|||||\u00a0\u00bb custom_margin=\u00a0\u00bb||5px||false|false\u00a0\u00bb custom_margin_tablet=\u00a0\u00bb||50px||false|false\u00a0\u00bb custom_margin_phone=\u00a0\u00bb||20px||false|false\u00a0\u00bb custom_margin_last_edited=\u00a0\u00bboff|tablet\u00a0\u00bb global_colors_info=\u00a0\u00bb{}\u00a0\u00bb theme_builder_area=\u00a0\u00bbpost_content\u00a0\u00bb]<\/p>\n<ul>\n<li data-start=\"1349\" data-end=\"1443\"><strong data-start=\"1349\" data-end=\"1388\">Couverture de l\u2019espace de r\u00e9ception<\/strong> pour transformer le lieu en v\u00e9ritable jardin secret.<\/li>\n<\/ul>\n<p>[\/et_pb_text][et_pb_text module_class=\u00a0\u00bbliste-2-col\u00a0\u00bb _builder_version=\u00a0\u00bb4.27.5&Prime; _module_preset=\u00a0\u00bbdefault\u00a0\u00bb header_2_font=\u00a0\u00bb|600||on|||||\u00a0\u00bb custom_margin=\u00a0\u00bb||5px||false|false\u00a0\u00bb custom_margin_tablet=\u00a0\u00bb||50px||false|false\u00a0\u00bb custom_margin_phone=\u00a0\u00bb||20px||false|false\u00a0\u00bb custom_margin_last_edited=\u00a0\u00bboff|tablet\u00a0\u00bb global_colors_info=\u00a0\u00bb{}\u00a0\u00bb theme_builder_area=\u00a0\u00bbpost_content\u00a0\u00bb]<\/p>\n<ul>\n<li data-start=\"1446\" data-end=\"1521\"><strong data-start=\"1446\" data-end=\"1481\">Cr\u00e9ation de l\u2019ambiance g\u00e9n\u00e9rale<\/strong>, inspir\u00e9e du th\u00e8me de la s\u00e9rie.<\/li>\n<\/ul>\n<p>[\/et_pb_text][et_pb_text module_class=\u00a0\u00bbliste-2-col\u00a0\u00bb _builder_version=\u00a0\u00bb4.27.5&Prime; _module_preset=\u00a0\u00bbdefault\u00a0\u00bb header_2_font=\u00a0\u00bb|600||on|||||\u00a0\u00bb custom_margin=\u00a0\u00bb||5px||false|false\u00a0\u00bb custom_margin_tablet=\u00a0\u00bb||50px||false|false\u00a0\u00bb custom_margin_phone=\u00a0\u00bb||20px||false|false\u00a0\u00bb custom_margin_last_edited=\u00a0\u00bboff|tablet\u00a0\u00bb global_colors_info=\u00a0\u00bb{}\u00a0\u00bb theme_builder_area=\u00a0\u00bbpost_content\u00a0\u00bb]<\/p>\n<ul>\n<li data-start=\"1524\" data-end=\"1619\"><strong data-start=\"1524\" data-end=\"1562\">Couverture technique audiovisuelle<\/strong> pour garantir une exp\u00e9rience immersive et qualitative.<\/li>\n<\/ul>\n<p>[\/et_pb_text][et_pb_text module_class=\u00a0\u00bbliste-2-col\u00a0\u00bb _builder_version=\u00a0\u00bb4.27.5&Prime; _module_preset=\u00a0\u00bbdefault\u00a0\u00bb header_2_font=\u00a0\u00bb|600||on|||||\u00a0\u00bb custom_margin=\u00a0\u00bb||5px||false|false\u00a0\u00bb custom_margin_tablet=\u00a0\u00bb||5px||false|false\u00a0\u00bb custom_margin_phone=\u00a0\u00bb||20px||false|false\u00a0\u00bb custom_margin_last_edited=\u00a0\u00bboff|tablet\u00a0\u00bb hover_enabled=\u00a0\u00bb0&Prime; global_colors_info=\u00a0\u00bb{}\u00a0\u00bb theme_builder_area=\u00a0\u00bbpost_content\u00a0\u00bb sticky_enabled=\u00a0\u00bb0&Prime;]<\/p>\n<ul>\n<li data-start=\"1622\" data-end=\"1741\"><strong data-start=\"1622\" data-end=\"1649\">Cr\u00e9ation d\u2019un photocall<\/strong> sur mesure, permettant d\u2019offrir une visibilit\u00e9 suppl\u00e9mentaire \u00e0 la s\u00e9rie <em data-start=\"1723\" data-end=\"1738\">Hidden Garden<\/em>.<\/li>\n<\/ul>\n<p>[\/et_pb_text][et_pb_text module_class=\u00a0\u00bbliste-2-col\u00a0\u00bb _builder_version=\u00a0\u00bb4.27.5&Prime; _module_preset=\u00a0\u00bbdefault\u00a0\u00bb header_2_font=\u00a0\u00bb|600||on|||||\u00a0\u00bb custom_margin=\u00a0\u00bb||5px||false|false\u00a0\u00bb custom_margin_tablet=\u00a0\u00bb||5px||false|false\u00a0\u00bb custom_margin_phone=\u00a0\u00bb||20px||false|false\u00a0\u00bb custom_margin_last_edited=\u00a0\u00bboff|tablet\u00a0\u00bb global_colors_info=\u00a0\u00bb{}\u00a0\u00bb theme_builder_area=\u00a0\u00bbpost_content\u00a0\u00bb]<\/p>\n<ul>\n<li data-start=\"1825\" data-end=\"1886\"><strong>Management et gestion logistique compl\u00e8te<\/strong> pour fluidifier l\u2019accueil, la s\u00e9curit\u00e9 et le transport des invit\u00e9s.<\/li>\n<\/ul>\n<p>[\/et_pb_text][et_pb_text module_class=\u00a0\u00bbliste-2-col\u00a0\u00bb _builder_version=\u00a0\u00bb4.27.5&Prime; _module_preset=\u00a0\u00bbdefault\u00a0\u00bb header_2_font=\u00a0\u00bb|600||on|||||\u00a0\u00bb custom_margin=\u00a0\u00bb||5px||false|false\u00a0\u00bb custom_margin_tablet=\u00a0\u00bb||5px||false|false\u00a0\u00bb custom_margin_phone=\u00a0\u00bb||20px||false|false\u00a0\u00bb custom_margin_last_edited=\u00a0\u00bboff|tablet\u00a0\u00bb global_colors_info=\u00a0\u00bb{}\u00a0\u00bb theme_builder_area=\u00a0\u00bbpost_content\u00a0\u00bb]<\/p>\n<ul>\n<li data-start=\"1972\" data-end=\"2024\"><strong data-start=\"1972\" data-end=\"2003\">Coordination op\u00e9rationnelle<\/strong> du d\u00e9but \u00e0 la fin.<\/li>\n<\/ul>\n<p>[\/et_pb_text][et_pb_text module_class=\u00a0\u00bbliste-2-col\u00a0\u00bb _builder_version=\u00a0\u00bb4.27.5&Prime; _module_preset=\u00a0\u00bbdefault\u00a0\u00bb header_2_font=\u00a0\u00bb|600||on|||||\u00a0\u00bb custom_margin=\u00a0\u00bb||||false|false\u00a0\u00bb custom_margin_tablet=\u00a0\u00bb||40px||false|false\u00a0\u00bb custom_margin_phone=\u00a0\u00bb||20px||false|false\u00a0\u00bb custom_margin_last_edited=\u00a0\u00bbon|phone\u00a0\u00bb global_colors_info=\u00a0\u00bb{}\u00a0\u00bb theme_builder_area=\u00a0\u00bbpost_content\u00a0\u00bb]<\/p>\n<ul>\n<li data-start=\"2027\" data-end=\"2146\"><strong>Montage et d\u00e9montage<\/strong>, en assurant une remise en \u00e9tat du lieu et une gestion du planning en s&rsquo;adaptant aux contraintes.<\/li>\n<\/ul>\n<p>[\/et_pb_text][\/et_pb_column][et_pb_column type=\u00a0\u00bb1_2&Prime; _builder_version=\u00a0\u00bb4.27.5&Prime; _module_preset=\u00a0\u00bbdefault\u00a0\u00bb hover_enabled=\u00a0\u00bb0&Prime; global_colors_info=\u00a0\u00bb{}\u00a0\u00bb theme_builder_area=\u00a0\u00bbpost_content\u00a0\u00bb alt=\u00a0\u00bbMIPCOM, lancement de Calinos\u00a0\u00bb title_text=\u00a0\u00bbMIPCOM-Lancement-Calinos-Cannes\u00a0\u00bb background_image=\u00a0\u00bbhttps:\/\/events-byjs.com\/wp-content\/uploads\/2026\/02\/MIPCOM-Lancement-Calinos-Cannes-scaled.jpg\u00a0\u00bb sticky_enabled=\u00a0\u00bb0&Prime; custom_padding_last_edited=\u00a0\u00bbon|phone\u00a0\u00bb custom_padding_tablet=\u00a0\u00bb200px||200px||true|false\u00a0\u00bb custom_padding_phone=\u00a0\u00bb150px||150px||true|false\u00a0\u00bb][et_pb_text _builder_version=\u00a0\u00bb4.27.5&Prime; _module_preset=\u00a0\u00bbdefault\u00a0\u00bb theme_builder_area=\u00a0\u00bbpost_content\u00a0\u00bb hover_enabled=\u00a0\u00bb0&Prime; sticky_enabled=\u00a0\u00bb0&Prime; custom_padding=\u00a0\u00bb0px||||false|false\u00a0\u00bb]<\/p>\n<p>&nbsp;<\/p>\n<p>&nbsp;<\/p>\n<p>&nbsp;<\/p>\n<p>[\/et_pb_text][\/et_pb_column][\/et_pb_row][et_pb_row column_structure=\u00a0\u00bb1_2,1_2&Prime; use_custom_gutter=\u00a0\u00bbon\u00a0\u00bb gutter_width=\u00a0\u00bb2&Prime; make_equal=\u00a0\u00bbon\u00a0\u00bb _builder_version=\u00a0\u00bb4.27.5&Prime; _module_preset=\u00a0\u00bbdefault\u00a0\u00bb width=\u00a0\u00bb100%\u00a0\u00bb max_width=\u00a0\u00bb100%\u00a0\u00bb global_colors_info=\u00a0\u00bb{}\u00a0\u00bb theme_builder_area=\u00a0\u00bbpost_content\u00a0\u00bb][et_pb_column type=\u00a0\u00bb1_2&Prime; _builder_version=\u00a0\u00bb4.27.5&Prime; _module_preset=\u00a0\u00bbdefault\u00a0\u00bb global_colors_info=\u00a0\u00bb{}\u00a0\u00bb theme_builder_area=\u00a0\u00bbpost_content\u00a0\u00bb][et_pb_image src=\u00a0\u00bbhttps:\/\/events-byjs.com\/wp-content\/uploads\/2026\/02\/Calinos-Mipcom-a-Cannes-Alpes-Maritimes.jpg\u00a0\u00bb alt=\u00a0\u00bbCalinos Mipcom \u00e0 Cannes dans les Alpes Maritimes\u00a0\u00bb title_text=\u00a0\u00bbCalinos-Mipcom-\u00e0-Cannes-Alpes-Maritimes\u00a0\u00bb show_in_lightbox=\u00a0\u00bbon\u00a0\u00bb force_fullwidth=\u00a0\u00bbon\u00a0\u00bb _builder_version=\u00a0\u00bb4.27.5&Prime; _module_preset=\u00a0\u00bbdefault\u00a0\u00bb global_colors_info=\u00a0\u00bb{}\u00a0\u00bb theme_builder_area=\u00a0\u00bbpost_content\u00a0\u00bb][\/et_pb_image][\/et_pb_column][et_pb_column type=\u00a0\u00bb1_2&Prime; _builder_version=\u00a0\u00bb4.27.5&Prime; _module_preset=\u00a0\u00bbdefault\u00a0\u00bb global_colors_info=\u00a0\u00bb{}\u00a0\u00bb theme_builder_area=\u00a0\u00bbpost_content\u00a0\u00bb][et_pb_image src=\u00a0\u00bbhttps:\/\/events-byjs.com\/wp-content\/uploads\/2026\/02\/Cocktail-dinatoire-Calinos-a-Cannes.jpg\u00a0\u00bb alt=\u00a0\u00bbCocktail d\u00eenatoire Calinos \u00e0 Cannes\u00a0\u00bb title_text=\u00a0\u00bbCocktail-d\u00eenatoire-Calinos-\u00e0-Cannes\u00a0\u00bb show_in_lightbox=\u00a0\u00bbon\u00a0\u00bb force_fullwidth=\u00a0\u00bbon\u00a0\u00bb _builder_version=\u00a0\u00bb4.27.5&Prime; _module_preset=\u00a0\u00bbdefault\u00a0\u00bb global_colors_info=\u00a0\u00bb{}\u00a0\u00bb theme_builder_area=\u00a0\u00bbpost_content\u00a0\u00bb][\/et_pb_image][\/et_pb_column][\/et_pb_row][et_pb_row _builder_version=\u00a0\u00bb4.27.5&Prime; _module_preset=\u00a0\u00bbdefault\u00a0\u00bb max_width=\u00a0\u00bb100%\u00a0\u00bb global_colors_info=\u00a0\u00bb{}\u00a0\u00bb theme_builder_area=\u00a0\u00bbpost_content\u00a0\u00bb][et_pb_column type=\u00a0\u00bb4_4&Prime; _builder_version=\u00a0\u00bb4.27.5&Prime; _module_preset=\u00a0\u00bbdefault\u00a0\u00bb global_colors_info=\u00a0\u00bb{}\u00a0\u00bb theme_builder_area=\u00a0\u00bbpost_content\u00a0\u00bb][et_pb_text _builder_version=\u00a0\u00bb4.27.5&Prime; _module_preset=\u00a0\u00bbdefault\u00a0\u00bb header_2_font=\u00a0\u00bb|600||on|||||\u00a0\u00bb header_2_font_size=\u00a0\u00bb24px\u00a0\u00bb custom_margin=\u00a0\u00bb||15px||false|false\u00a0\u00bb custom_margin_tablet=\u00a0\u00bb||50px||false|false\u00a0\u00bb custom_margin_phone=\u00a0\u00bb||20px||false|false\u00a0\u00bb custom_margin_last_edited=\u00a0\u00bbon|phone\u00a0\u00bb header_2_font_size_tablet=\u00a0\u00bb22px\u00a0\u00bb header_2_font_size_phone=\u00a0\u00bb20px\u00a0\u00bb header_2_font_size_last_edited=\u00a0\u00bbon|tablet\u00a0\u00bb global_colors_info=\u00a0\u00bb{}\u00a0\u00bb theme_builder_area=\u00a0\u00bbpost_content\u00a0\u00bb]<\/p>\n<h2 data-start=\"2148\" data-end=\"2192\"><span class=\"ez-toc-section\" id=\"Un_lancement_reussi_au_coeur_du_MIPCOM\"><\/span>Un lancement r\u00e9ussi au c\u0153ur du MIPCOM<span class=\"ez-toc-section-end\"><\/span><\/h2>\n<p>[\/et_pb_text][et_pb_text _builder_version=\u00a0\u00bb4.27.5&Prime; _module_preset=\u00a0\u00bbdefault\u00a0\u00bb header_2_font=\u00a0\u00bb|600||on|||||\u00a0\u00bb header_2_font_size=\u00a0\u00bb24px\u00a0\u00bb custom_margin=\u00a0\u00bb||15px||false|false\u00a0\u00bb custom_margin_tablet=\u00a0\u00bb||50px||false|false\u00a0\u00bb custom_margin_phone=\u00a0\u00bb||20px||false|false\u00a0\u00bb custom_margin_last_edited=\u00a0\u00bbon|phone\u00a0\u00bb header_2_font_size_tablet=\u00a0\u00bb22px\u00a0\u00bb header_2_font_size_phone=\u00a0\u00bb20px\u00a0\u00bb header_2_font_size_last_edited=\u00a0\u00bbon|tablet\u00a0\u00bb global_colors_info=\u00a0\u00bb{}\u00a0\u00bb theme_builder_area=\u00a0\u00bbpost_content\u00a0\u00bb]<\/p>\n<p data-start=\"2194\" data-end=\"2560\"><span style=\"font-weight: 400;\">Notre objectif \u00e9tait clair : faire de ce lancement un moment fort du MIPCOM, capable de refl\u00e9ter l\u2019identit\u00e9 de Calinos et de marquer les esprits. Nous avons cr\u00e9\u00e9 un \u00e9v\u00e9nement \u00e0 la hauteur des attentes du client et parfaitement align\u00e9 sur la th\u00e9matique \u00ab <strong>Jardin secret<\/strong> \u00bb.<\/span><\/p>\n<p>[\/et_pb_text][\/et_pb_column][\/et_pb_row][et_pb_row column_structure=\u00a0\u00bb1_3,1_3,1_3&Prime; use_custom_gutter=\u00a0\u00bbon\u00a0\u00bb gutter_width=\u00a0\u00bb2&Prime; make_equal=\u00a0\u00bbon\u00a0\u00bb _builder_version=\u00a0\u00bb4.27.5&Prime; _module_preset=\u00a0\u00bbdefault\u00a0\u00bb width=\u00a0\u00bb100%\u00a0\u00bb max_width=\u00a0\u00bb100%\u00a0\u00bb global_colors_info=\u00a0\u00bb{}\u00a0\u00bb theme_builder_area=\u00a0\u00bbpost_content\u00a0\u00bb][et_pb_column type=\u00a0\u00bb1_3&Prime; _builder_version=\u00a0\u00bb4.27.5&Prime; _module_preset=\u00a0\u00bbdefault\u00a0\u00bb global_colors_info=\u00a0\u00bb{}\u00a0\u00bb theme_builder_area=\u00a0\u00bbpost_content\u00a0\u00bb][et_pb_image src=\u00a0\u00bbhttps:\/\/events-byjs.com\/wp-content\/uploads\/2026\/02\/Cocktail-dinatoire-Cannes-Lions.jpg\u00a0\u00bb alt=\u00a0\u00bbCocktail d\u00eenatoire au Cannes Lions\u00a0\u00bb title_text=\u00a0\u00bbCocktail-d\u00eenatoire-Cannes-Lions\u00a0\u00bb show_in_lightbox=\u00a0\u00bbon\u00a0\u00bb force_fullwidth=\u00a0\u00bbon\u00a0\u00bb _builder_version=\u00a0\u00bb4.27.5&Prime; _module_preset=\u00a0\u00bbdefault\u00a0\u00bb global_colors_info=\u00a0\u00bb{}\u00a0\u00bb theme_builder_area=\u00a0\u00bbpost_content\u00a0\u00bb][\/et_pb_image][\/et_pb_column][et_pb_column type=\u00a0\u00bb1_3&Prime; _builder_version=\u00a0\u00bb4.27.5&Prime; _module_preset=\u00a0\u00bbdefault\u00a0\u00bb global_colors_info=\u00a0\u00bb{}\u00a0\u00bb theme_builder_area=\u00a0\u00bbpost_content\u00a0\u00bb][et_pb_image src=\u00a0\u00bbhttps:\/\/events-byjs.com\/wp-content\/uploads\/2026\/02\/Calinos-diner-Cannes-Alpes-Maritimes.jpg\u00a0\u00bb alt=\u00a0\u00bbCalinos d\u00eener \u00e0 Cannes Alpes-Maritimes\u00a0\u00bb title_text=\u00a0\u00bbCalinos-d\u00eener-Cannes-Alpes-Maritimes\u00a0\u00bb show_in_lightbox=\u00a0\u00bbon\u00a0\u00bb force_fullwidth=\u00a0\u00bbon\u00a0\u00bb _builder_version=\u00a0\u00bb4.27.5&Prime; _module_preset=\u00a0\u00bbdefault\u00a0\u00bb global_colors_info=\u00a0\u00bb{}\u00a0\u00bb theme_builder_area=\u00a0\u00bbpost_content\u00a0\u00bb][\/et_pb_image][\/et_pb_column][et_pb_column type=\u00a0\u00bb1_3&Prime; _builder_version=\u00a0\u00bb4.27.5&Prime; _module_preset=\u00a0\u00bbdefault\u00a0\u00bb global_colors_info=\u00a0\u00bb{}\u00a0\u00bb theme_builder_area=\u00a0\u00bbpost_content\u00a0\u00bb][et_pb_image src=\u00a0\u00bbhttps:\/\/events-byjs.com\/wp-content\/uploads\/2026\/02\/Calinos-MIPCOM-cocktail-dinatoire-Alpes-Maritimes.jpg\u00a0\u00bb alt=\u00a0\u00bbCalinos MIPCOM cocktail d\u00eenatoire Alpes-Maritimes\u00a0\u00bb title_text=\u00a0\u00bbCalinos-MIPCOM-cocktail-d\u00eenatoire-Alpes-Maritimes\u00a0\u00bb show_in_lightbox=\u00a0\u00bbon\u00a0\u00bb force_fullwidth=\u00a0\u00bbon\u00a0\u00bb _builder_version=\u00a0\u00bb4.27.5&Prime; _module_preset=\u00a0\u00bbdefault\u00a0\u00bb global_colors_info=\u00a0\u00bb{}\u00a0\u00bb theme_builder_area=\u00a0\u00bbpost_content\u00a0\u00bb][\/et_pb_image][\/et_pb_column][\/et_pb_row][et_pb_row custom_padding_last_edited=\u00a0\u00bbon|phone\u00a0\u00bb _builder_version=\u00a0\u00bb4.27.5&Prime; _module_preset=\u00a0\u00bbdefault\u00a0\u00bb max_width=\u00a0\u00bb100%\u00a0\u00bb custom_padding=\u00a0\u00bb||||false|false\u00a0\u00bb custom_padding_tablet=\u00a0\u00bb||||false|false\u00a0\u00bb custom_padding_phone=\u00a0\u00bb||0px||false|false\u00a0\u00bb global_colors_info=\u00a0\u00bb{}\u00a0\u00bb theme_builder_area=\u00a0\u00bbpost_content\u00a0\u00bb][et_pb_column type=\u00a0\u00bb4_4&Prime; _builder_version=\u00a0\u00bb4.27.5&Prime; _module_preset=\u00a0\u00bbdefault\u00a0\u00bb global_colors_info=\u00a0\u00bb{}\u00a0\u00bb theme_builder_area=\u00a0\u00bbpost_content\u00a0\u00bb][et_pb_text _builder_version=\u00a0\u00bb4.27.5&Prime; _module_preset=\u00a0\u00bbdefault\u00a0\u00bb link_font=\u00a0\u00bb|600|||||||\u00a0\u00bb link_text_color=\u00a0\u00bb#000000&Prime; header_2_font=\u00a0\u00bb|600||on|||||\u00a0\u00bb header_2_font_size=\u00a0\u00bb24px\u00a0\u00bb custom_margin=\u00a0\u00bb||15px||false|false\u00a0\u00bb header_2_font_size_tablet=\u00a0\u00bb22px\u00a0\u00bb header_2_font_size_phone=\u00a0\u00bb20px\u00a0\u00bb header_2_font_size_last_edited=\u00a0\u00bbon|phone\u00a0\u00bb global_colors_info=\u00a0\u00bb{}\u00a0\u00bb theme_builder_area=\u00a0\u00bbpost_content\u00a0\u00bb]<\/p>\n<h2 data-start=\"2562\" data-end=\"2644\"><span class=\"ez-toc-section\" id=\"Events_by_JS_levenementiel_a_Cannes\"><\/span>Events by JS, l\u2019\u00e9v\u00e9nementiel \u00e0 Cannes<span class=\"ez-toc-section-end\"><\/span><\/h2>\n<p>[\/et_pb_text][et_pb_text _builder_version=\u00a0\u00bb4.27.5&Prime; _module_preset=\u00a0\u00bbdefault\u00a0\u00bb link_font=\u00a0\u00bb|600|||||||\u00a0\u00bb link_text_color=\u00a0\u00bb#000000&Prime; header_2_font=\u00a0\u00bb|600||on|||||\u00a0\u00bb header_2_font_size=\u00a0\u00bb24px\u00a0\u00bb global_colors_info=\u00a0\u00bb{}\u00a0\u00bb theme_builder_area=\u00a0\u00bbpost_content\u00a0\u00bb]<\/p>\n<p><span style=\"font-weight: 400;\">De la conception \u00e0 la gestion de l\u2019\u00e9v\u00e9nement du jour J, nous accompagnons des marques internationales pendant les congr\u00e8s cannois.<\/span> <a href=\"https:\/\/events-byjs.com\/contactez-agence-evenementielle-a-cannes\/\">Contactez-nous<\/a> via notre formulaire.<\/p>\n<p>[\/et_pb_text][\/et_pb_column][\/et_pb_row][\/et_pb_section]<\/p>\n","protected":false},"excerpt":{"rendered":"<p><div class=\"et_pb_module dsm_icon_list dsm_icon_list_0\">\n\t\t\t\t\n\t\t\t\t\n\t\t\t\t\n\t\t\t\t\n\t\t\t\t\n\t\t\t\t\n\t\t\t\t<div class=\"et_pb_module_inner\">\n\t\t\t\t\t<ul class=\"dsm_icon_list_items dsm_icon_list_ltr_direction dsm_icon_list_layout_vertical\"><li class=\"dsm_icon_list_child dsm_icon_list_child_0\">\n\t\t\t\t\n\t\t\t\t\n\t\t\t\t\n\t\t\t\t\n\t\t\t\t<span class=\"dsm_icon_list_wrapper\"><span class=\"dsm_icon_list_icon\">\uf044<\/span><\/span><span class=\"dsm_icon_list_text\">Th\u00e8me : Secret Garden<\/span>\n\t\t\t<\/li><li class=\"dsm_icon_list_child dsm_icon_list_child_1\">\n\t\t\t\t\n\t\t\t\t\n\t\t\t\t\n\t\t\t\t\n\t\t\t\t<span class=\"dsm_icon_list_wrapper\"><span class=\"dsm_icon_list_icon\">\ue033<\/span><\/span><span class=\"dsm_icon_list_text\">Occasion : MIPCOM<\/span>\n\t\t\t<\/li><li class=\"dsm_icon_list_child dsm_icon_list_child_2\">\n\t\t\t\t\n\t\t\t\t\n\t\t\t\t\n\t\t\t\t\n\t\t\t\t<span class=\"dsm_icon_list_wrapper\"><span class=\"dsm_icon_list_icon\">\ue08a<\/span><\/span><span class=\"dsm_icon_list_text\">Client : Calinos en partenariat avec NOW<\/span>\n\t\t\t<\/li><li class=\"dsm_icon_list_child dsm_icon_list_child_3\">\n\t\t\t\t\n\t\t\t\t\n\t\t\t\t\n\t\t\t\t\n\t\t\t\t<span class=\"dsm_icon_list_wrapper\"><span class=\"dsm_icon_list_icon\">\uf065<\/span><\/span><span class=\"dsm_icon_list_text\">Format : Lancement de leur S\u00e9rie \u00ab Hidden Garden \u00bb<\/span>\n\t\t\t<\/li><\/ul>\n\t\t\t\t<\/div>\n\t\t\t<\/div>Dans le cadre du MIPCOM, nous avons eu le privil\u00e8ge d\u2019organiser pour Calinos, en partenariat avec NOW, un \u00e9v\u00e9nement professionnel \u00e0 Cannes plac\u00e9 sous le signe du myst\u00e8re : le lancement de leur nouvelle s\u00e9rie Hidden Garden, et pour le 25\u1d49 anniversaire du groupe. Ce projet illustre parfaitement notre savoir-faire dans la cr\u00e9ation d\u2019exp\u00e9riences immersives et sur-mesure.Un th\u00e8me fort : Secret GardenPour valoriser le lancement de la s\u00e9rie, nous avons imagin\u00e9 un univers inspir\u00e9 d\u2019un Secret Garden. Nous avons pris en charge l\u2019organisation compl\u00e8te de l\u2019\u00e9v\u00e9nement, en veillant \u00e0 chaque d\u00e9tail pour transporter les invit\u00e9s dans une ambiance captivante et festive pour le 25\u1d49 anniversaire de notre client.Une gestion compl\u00e8te du projetAfin d\u2019assurer une soir\u00e9e fluide et m\u00e9morable, nous avons coordonn\u00e9 l\u2019ensemble des aspects logistiques, techniques et cr\u00e9atifs : S\u00e9lection du lieu [&hellip;]<\/p>\n","protected":false},"author":1,"featured_media":74344,"comment_status":"closed","ping_status":"closed","sticky":false,"template":"","format":"standard","meta":{"_et_pb_use_builder":"on","_et_pb_old_content":"","_et_gb_content_width":"","_monsterinsights_skip_tracking":false,"_monsterinsights_sitenote_active":false,"_monsterinsights_sitenote_note":"","_monsterinsights_sitenote_category":0,"footnotes":""},"categories":[13],"tags":[],"class_list":["post-71960","post","type-post","status-publish","format-standard","has-post-thumbnail","hentry","category-portfolio"],"_links":{"self":[{"href":"https:\/\/events-byjs.com\/fr\/wp-json\/wp\/v2\/posts\/71960","targetHints":{"allow":["GET"]}}],"collection":[{"href":"https:\/\/events-byjs.com\/fr\/wp-json\/wp\/v2\/posts"}],"about":[{"href":"https:\/\/events-byjs.com\/fr\/wp-json\/wp\/v2\/types\/post"}],"author":[{"embeddable":true,"href":"https:\/\/events-byjs.com\/fr\/wp-json\/wp\/v2\/users\/1"}],"replies":[{"embeddable":true,"href":"https:\/\/events-byjs.com\/fr\/wp-json\/wp\/v2\/comments?post=71960"}],"version-history":[{"count":67,"href":"https:\/\/events-byjs.com\/fr\/wp-json\/wp\/v2\/posts\/71960\/revisions"}],"predecessor-version":[{"id":74522,"href":"https:\/\/events-byjs.com\/fr\/wp-json\/wp\/v2\/posts\/71960\/revisions\/74522"}],"wp:featuredmedia":[{"embeddable":true,"href":"https:\/\/events-byjs.com\/fr\/wp-json\/wp\/v2\/media\/74344"}],"wp:attachment":[{"href":"https:\/\/events-byjs.com\/fr\/wp-json\/wp\/v2\/media?parent=71960"}],"wp:term":[{"taxonomy":"category","embeddable":true,"href":"https:\/\/events-byjs.com\/fr\/wp-json\/wp\/v2\/categories?post=71960"},{"taxonomy":"post_tag","embeddable":true,"href":"https:\/\/events-byjs.com\/fr\/wp-json\/wp\/v2\/tags?post=71960"}],"curies":[{"name":"wp","href":"https:\/\/api.w.org\/{rel}","templated":true}]}}